{"id":1048,"date":"2008-10-03T09:14:47","date_gmt":"2008-10-03T08:14:47","guid":{"rendered":"http:\/\/www.ticmais.pt\/index.php\/2008\/10\/03\/microsoft-com-software-exclusivo-no-magalhaes\/"},"modified":"2008-10-03T09:14:47","modified_gmt":"2008-10-03T08:14:47","slug":"microsoft-com-software-exclusivo-no-magalhaes","status":"publish","type":"post","link":"https:\/\/www.ticmais.pt\/?p=1048","title":{"rendered":"Microsoft com &#8216;software&#8217; exclusivo no &#8216;Magalh\u00e3es&#8217;"},"content":{"rendered":"<table border=\"0\" cellspacing=\"5\" cellpadding=\"5\" width=\"100%\" align=\"justify\">\n<tbody>\n<tr>\n<td width=\"160\" valign=\"top\">\n<p align=\"justify\"><img decoding=\"async\" src=\"\/\/www.ticmais.pt\/ticmais\/imagens\/microsoft-com-software-exclusivo-no-magalhaes.jpg\" alt=\"\" \/><\/p>\n<\/td>\n<td valign=\"top\">\n<p align=\"justify\">Segundo o DN, Steve Ballmer, o presidente da Microsoft, vai estar hoje em Portugal para assinar um novo Memorando de Entendimento. Mas o grande an\u00fancio \u00e9 o de aplica\u00e7\u00f5es feitas para serem utilizadas apenas pelo &#8216;Magalh\u00e3es&#8217;, o minicomputador de produ\u00e7\u00e3o nacional. (<a href=\"http:\/\/dn.sapo.pt\/2008\/10\/03\/dnbolsa\/microsoft_software_exclusivo_magalha.html\" target=\"_blank\">Mais&#8230;)<\/a><\/p>\n<\/td>\n<\/tr>\n<\/tbody>\n<\/table>\n<p><br class=\"spacer_\" \/><\/p>\n","protected":false},"excerpt":{"rendered":"<p>Segundo o DN, Steve Ballmer, o presidente da Microsoft, vai estar hoje em Portugal para assinar um novo Memorando de Entendimento. Mas o grande an\u00fancio \u00e9 o de aplica\u00e7\u00f5es feitas para serem utilizadas apenas pelo &#8216;Magalh\u00e3es&#8217;, o minicomputador de produ\u00e7\u00e3o nacional. (Mais&#8230;)<\/p>\n","protected":false},"author":1,"featured_media":0,"comment_status":"open","ping_status":"open","sticky":false,"template":"","format":"standard","meta":{"footnotes":""},"categories":[15],"tags":[63,64,73,80,18,102],"class_list":["post-1048","post","type-post","status-publish","format-standard","hentry","category-tic-mais","tag-e-escolinha","tag-magalhaes","tag-microsoft","tag-netbooks","tag-plano-tecnologico","tag-software"],"_links":{"self":[{"href":"https:\/\/www.ticmais.pt\/index.php?rest_route=\/wp\/v2\/posts\/1048","targetHints":{"allow":["GET"]}}],"collection":[{"href":"https:\/\/www.ticmais.pt\/index.php?rest_route=\/wp\/v2\/posts"}],"about":[{"href":"https:\/\/www.ticmais.pt\/index.php?rest_route=\/wp\/v2\/types\/post"}],"author":[{"embeddable":true,"href":"https:\/\/www.ticmais.pt\/index.php?rest_route=\/wp\/v2\/users\/1"}],"replies":[{"embeddable":true,"href":"https:\/\/www.ticmais.pt\/index.php?rest_route=%2Fwp%2Fv2%2Fcomments&post=1048"}],"version-history":[{"count":0,"href":"https:\/\/www.ticmais.pt\/index.php?rest_route=\/wp\/v2\/posts\/1048\/revisions"}],"wp:attachment":[{"href":"https:\/\/www.ticmais.pt\/index.php?rest_route=%2Fwp%2Fv2%2Fmedia&parent=1048"}],"wp:term":[{"taxonomy":"category","embeddable":true,"href":"https:\/\/www.ticmais.pt\/index.php?rest_route=%2Fwp%2Fv2%2Fcategories&post=1048"},{"taxonomy":"post_tag","embeddable":true,"href":"https:\/\/www.ticmais.pt\/index.php?rest_route=%2Fwp%2Fv2%2Ftags&post=1048"}],"curies":[{"name":"wp","href":"https:\/\/api.w.org\/{rel}","templated":true}]}}