{"id":1218,"date":"2008-10-14T15:32:20","date_gmt":"2008-10-14T14:32:20","guid":{"rendered":"http:\/\/www.ticmais.pt\/?p=1218"},"modified":"2008-10-14T15:32:20","modified_gmt":"2008-10-14T14:32:20","slug":"windows-7-vai-mesmo-chamar-se-oficialmente-windows-7","status":"publish","type":"post","link":"https:\/\/www.ticmais.pt\/?p=1218","title":{"rendered":"Windows 7 vai mesmo chamar-se oficialmente Windows 7"},"content":{"rendered":"<table border=\"0\" cellspacing=\"5\" cellpadding=\"5\" width=\"100%\" align=\"justify\">\n<tbody>\n<tr>\n<td width=\"160\" valign=\"top\">\n<p align=\"justify\"><img decoding=\"async\" src=\"\/\/www.ticmais.pt\/ticmais\/imagens\/Windows%207%20vai%20mesmo%20chamar-se%20oficialmente%20Windows%207.jpg\" alt=\"\" \/><\/p>\n<\/td>\n<td valign=\"top\">\n<p align=\"justify\">Segundo Mike Nash do blog Vista, a empresa pretendeu manter\u00a0a denomina\u00e7\u00e3o\u00a0de Windows 7, como uma forma de simplificar todo o processo, porque\u00a0esta \u00e9 a\u00a07\u00aa distribui\u00e7\u00e3o oficial do\u00a0Windows, e tamb\u00e9m porque a Microsoft n\u00e3o pretendia voltar a utilizar um nome t\u00e3o categ\u00f3rico como Vista, que levasse os utilizadores a pensar que esta seria uma nova vers\u00e3o radical do Sistema Operativo\u00a0 mas sim uma evolu\u00e7\u00e3o do Windows Vista.<\/p>\n<\/td>\n<\/tr>\n<\/tbody>\n<\/table>\n<p><br class=\"spacer_\" \/><\/p>\n","protected":false},"excerpt":{"rendered":"<p>Segundo Mike Nash do blog Vista, a empresa pretendeu manter\u00a0a denomina\u00e7\u00e3o\u00a0de Windows 7, como uma forma de simplificar todo o processo, porque\u00a0esta \u00e9 a\u00a07\u00aa distribui\u00e7\u00e3o oficial do\u00a0Windows, e tamb\u00e9m porque a Microsoft n\u00e3o pretendia voltar a utilizar um nome t\u00e3o categ\u00f3rico como Vista, que levasse os utilizadores a pensar que esta seria uma nova vers\u00e3o [&hellip;]<\/p>\n","protected":false},"author":1,"featured_media":0,"comment_status":"closed","ping_status":"open","sticky":false,"template":"","format":"standard","meta":{"footnotes":""},"categories":[15],"tags":[73,102,120],"class_list":["post-1218","post","type-post","status-publish","format-standard","hentry","category-tic-mais","tag-microsoft","tag-software","tag-windows"],"_links":{"self":[{"href":"https:\/\/www.ticmais.pt\/index.php?rest_route=\/wp\/v2\/posts\/1218","targetHints":{"allow":["GET"]}}],"collection":[{"href":"https:\/\/www.ticmais.pt\/index.php?rest_route=\/wp\/v2\/posts"}],"about":[{"href":"https:\/\/www.ticmais.pt\/index.php?rest_route=\/wp\/v2\/types\/post"}],"author":[{"embeddable":true,"href":"https:\/\/www.ticmais.pt\/index.php?rest_route=\/wp\/v2\/users\/1"}],"replies":[{"embeddable":true,"href":"https:\/\/www.ticmais.pt\/index.php?rest_route=%2Fwp%2Fv2%2Fcomments&post=1218"}],"version-history":[{"count":0,"href":"https:\/\/www.ticmais.pt\/index.php?rest_route=\/wp\/v2\/posts\/1218\/revisions"}],"wp:attachment":[{"href":"https:\/\/www.ticmais.pt\/index.php?rest_route=%2Fwp%2Fv2%2Fmedia&parent=1218"}],"wp:term":[{"taxonomy":"category","embeddable":true,"href":"https:\/\/www.ticmais.pt\/index.php?rest_route=%2Fwp%2Fv2%2Fcategories&post=1218"},{"taxonomy":"post_tag","embeddable":true,"href":"https:\/\/www.ticmais.pt\/index.php?rest_route=%2Fwp%2Fv2%2Ftags&post=1218"}],"curies":[{"name":"wp","href":"https:\/\/api.w.org\/{rel}","templated":true}]}}