{"id":1220,"date":"2008-10-14T15:32:07","date_gmt":"2008-10-14T14:32:07","guid":{"rendered":"http:\/\/www.ticmais.pt\/?p=1220"},"modified":"2008-10-14T15:32:07","modified_gmt":"2008-10-14T14:32:07","slug":"anmp-promove-cidadania-activa","status":"publish","type":"post","link":"https:\/\/www.ticmais.pt\/?p=1220","title":{"rendered":"ANMP promove \u201cCidadania Activa\u201d"},"content":{"rendered":"<table border=\"0\" cellspacing=\"5\" cellpadding=\"5\" width=\"100%\" align=\"justify\">\n<tbody>\n<tr>\n<td width=\"160\" valign=\"top\">\n<p align=\"justify\"><img decoding=\"async\" src=\"\/\/www.ticmais.pt\/ticmais\/imagens\/ANMP%20promove%20Cidadania%20Activa.png\" alt=\"\" \/><\/p>\n<\/td>\n<td valign=\"top\">\n<p align=\"justify\">A ANMP (Associa\u00e7\u00e3o Nacional de Munic\u00edpios Portugueses) tem a decorrer o projecto &#8220;Cidadania Activa&#8221; com o objectivo de combater o afastamento dos cidad\u00e3os da participa\u00e7\u00e3o activa na vida pol\u00edtica e social da sua comunidade.<\/p>\n<\/td>\n<\/tr>\n<\/tbody>\n<\/table>\n<p><!--more--><\/p>\n<table border=\"0\" cellspacing=\"5\" cellpadding=\"5\" width=\"100%\" align=\"justify\">\n<tbody>\n<tr>\n<td valign=\"top\">\n<p style=\"text-align: justify;\">Este projecto, a ser implementado em duas fases, assenta no conceito de que &#8220;todos s\u00e3o respons\u00e1veis&#8221; pelo desenvolvimento da sociedade onde vivem. &#8220;Importa que os cidad\u00e3os se interessem pela vida p\u00fablica, acompanhem e colaborem com a governa\u00e7\u00e3o aut\u00e1rquica&#8221;, numa altura em que, &#8220;o abstencionismo continua, tendencialmente, a agravar-se em Portugal&#8221;.<\/p>\n<p style=\"text-align: justify;\">Para fazer passar esta mensagem, numa primeira fase, a ANMP vai criar uma &#8220;carta&#8221; explicativa do conceito de &#8220;cidadania activa&#8221;, para sensibilizar a popula\u00e7\u00e3o para a necessidade de se envolver mais com as decis\u00f5es tomadas no seio da comunidade.<\/p>\n<p style=\"text-align: justify;\">A iniciativa ser\u00e1 complementada com a distribui\u00e7\u00e3o de mupis de divulga\u00e7\u00e3o pelos munic\u00edpios, com a edi\u00e7\u00e3o de selos de correspond\u00eancia com a imagem geral da campanha e, ainda, com a cria\u00e7\u00e3o de um &#8216;microsite&#8217; na p\u00e1gina de Internet da ANMP, com hiperliga\u00e7\u00f5es a outros s\u00edtios de autarquias e institui\u00e7\u00f5es onde ser\u00e3o disponibilizadas informa\u00e7\u00f5es que aproximem os cidad\u00e3os da gest\u00e3o aut\u00e1rquica.<\/p>\n<p style=\"text-align: justify;\">Aos munic\u00edpios, a campanha lan\u00e7a o desafio de desenvolverem novos instrumentos de trabalho, tais como or\u00e7amentos participativos, atendimentos p\u00fablicos, reuni\u00f5es de C\u00e2mara e de Assembleia Municipal descentralizadas, assim como semanas dedicadas \u00e0s freguesias. A ANMP sugere, ainda, a realiza\u00e7\u00e3o da iniciativa &#8220;Presidente na Escola&#8221;, para estreitar a liga\u00e7\u00e3o com os jovens.<\/p>\n<p style=\"text-align: justify;\">Para mais informa\u00e7\u00f5es clique <a href=\"http:\/\/www.anmp.pt\/index.php?option=com_content&amp;view=article&amp;id=262&amp;Itemid=56\" target=\"_blank\">aqui<\/a><\/p>\n<p style=\"text-align: justify;\">Fonte: Jornal de Not\u00edcias\u00a0<\/p>\n<p style=\"text-align: justify;\"><strong>NOTA &#8220;TICMAIS&#8221;: <span style=\"color: #800000;\">Em Coruche tamb\u00e9m h\u00e1 muito para fazer neste dom\u00ednio!<\/span><\/strong><\/p>\n<\/td>\n<\/tr>\n<\/tbody>\n<\/table>\n","protected":false},"excerpt":{"rendered":"<p>A ANMP (Associa\u00e7\u00e3o Nacional de Munic\u00edpios Portugueses) tem a decorrer o projecto &#8220;Cidadania Activa&#8221; com o objectivo de combater o afastamento dos cidad\u00e3os da participa\u00e7\u00e3o activa na vida pol\u00edtica e social da sua comunidade.<\/p>\n","protected":false},"author":1,"featured_media":0,"comment_status":"closed","ping_status":"open","sticky":false,"template":"","format":"standard","meta":{"footnotes":""},"categories":[15],"tags":[5],"class_list":["post-1220","post","type-post","status-publish","format-standard","hentry","category-tic-mais","tag-cidadania"],"_links":{"self":[{"href":"https:\/\/www.ticmais.pt\/index.php?rest_route=\/wp\/v2\/posts\/1220","targetHints":{"allow":["GET"]}}],"collection":[{"href":"https:\/\/www.ticmais.pt\/index.php?rest_route=\/wp\/v2\/posts"}],"about":[{"href":"https:\/\/www.ticmais.pt\/index.php?rest_route=\/wp\/v2\/types\/post"}],"author":[{"embeddable":true,"href":"https:\/\/www.ticmais.pt\/index.php?rest_route=\/wp\/v2\/users\/1"}],"replies":[{"embeddable":true,"href":"https:\/\/www.ticmais.pt\/index.php?rest_route=%2Fwp%2Fv2%2Fcomments&post=1220"}],"version-history":[{"count":0,"href":"https:\/\/www.ticmais.pt\/index.php?rest_route=\/wp\/v2\/posts\/1220\/revisions"}],"wp:attachment":[{"href":"https:\/\/www.ticmais.pt\/index.php?rest_route=%2Fwp%2Fv2%2Fmedia&parent=1220"}],"wp:term":[{"taxonomy":"category","embeddable":true,"href":"https:\/\/www.ticmais.pt\/index.php?rest_route=%2Fwp%2Fv2%2Fcategories&post=1220"},{"taxonomy":"post_tag","embeddable":true,"href":"https:\/\/www.ticmais.pt\/index.php?rest_route=%2Fwp%2Fv2%2Ftags&post=1220"}],"curies":[{"name":"wp","href":"https:\/\/api.w.org\/{rel}","templated":true}]}}