{"id":1222,"date":"2008-10-14T19:50:09","date_gmt":"2008-10-14T18:50:09","guid":{"rendered":"http:\/\/www.ticmais.pt\/?p=1222"},"modified":"2008-10-14T19:50:09","modified_gmt":"2008-10-14T18:50:09","slug":"aplleapesar-das-novidadesos-atuais-macbooks-permanecem","status":"publish","type":"post","link":"https:\/\/www.ticmais.pt\/?p=1222","title":{"rendered":"Apple lan\u00e7a novos MacBooks com farpas \u00e0 Microsoft"},"content":{"rendered":"<table style=\"text-align: justify;\" border=\"0\" cellspacing=\"5\" cellpadding=\"5\" width=\"100%\" align=\"justify\">\n<tbody>\n<tr>\n<td width=\"160\" valign=\"top\">\n<p align=\"justify\"><img decoding=\"async\" src=\"\/\/www.ticmais.pt\/ticmais\/imagens\/Apple%20lanca%20novos%20MacBooks%20com%20farpas%20a%20Microsoft10.jpg\" alt=\"\" \/><\/p>\n<\/td>\n<td valign=\"top\">\n<p align=\"justify\">A Apple acaba de apresentar as suas renovadas linhas de port\u00e1teis MacBook.<br \/>\nOs novos modelos do MacBook, MacBook Air e MacBook Pro foram apresentados por Steve Jobs, na sede da Apple (<a href=\"http:\/\/stream.qtv.apple.com\/events\/oct\/0810rtdws876\/m_08100053744wuasd_650_ref.mov\" target=\"_blank\">ver v\u00eddeo em QuickTime<\/a>).<\/p>\n<\/td>\n<\/tr>\n<\/tbody>\n<\/table>\n<p style=\"text-align: justify;\"><!--more--><\/p>\n<table style=\"text-align: justify;\" border=\"0\" cellspacing=\"5\" cellpadding=\"5\" width=\"100%\" align=\"justify\">\n<tbody>\n<tr>\n<td style=\"TEXT-ALIGN: justify\">Nos modelos MacBook e Pro mereceu grande relevo o novo chassis em alum\u00ednio, mais resistente e leve que o dos modelos actuais em virtude de um novo processo de fabrico, e o trackpad multi-toque que, tal como o iPhone, reconhece v\u00e1rios gestos simult\u00e2neos feitos com os dedos.<\/td>\n<\/tr>\n<tr>\n<td valign=\"top\">\n<p style=\"TEXT-ALIGN: center\"><img decoding=\"async\" class=\"aligncenter\" src=\"\/\/www.ticmais.pt\/ticmais\/imagens\/Apple%20lanca%20novos%20MacBooks%20com%20farpas%20a%20Microsoft6.jpg\" alt=\"\" \/><\/p>\n<p style=\"TEXT-ALIGN: center\" align=\"justify\"><img decoding=\"async\" class=\"aligncenter\" src=\"\/\/www.ticmais.pt\/ticmais\/imagens\/Apple%20lanca%20novos%20MacBooks%20com%20farpas%20a%20Microsoft7.jpg\" alt=\"\" \/><\/p>\n<p>Segundo anunciou Steve Jobs, a Nvidia vai substituir a Intel como fornecedora dos chips gr\u00e1ficos dos novos port\u00e1teis, uma mudan\u00e7a que permitir\u00e1 aumentar at\u00e9 seis vezes o desempenho gr\u00e1fico das m\u00e1quinas.<\/p>\n<p>Em rela\u00e7\u00e3o a pre\u00e7os, o MacBook de entrada de gama custar\u00e1 1299 d\u00f3lares, com um processador Intel Core 2 Duo de 2.0 GHz, 2GB de mem\u00f3ria RAM DDR3, placa gr\u00e1fica Nvidia GeForce 9400M e disco r\u00edgido de 160GB.<\/p>\n<p>Relativamente ao segundo modelo dotado com um processador Intel Core 2 Duo de 2.4 GHz, disco r\u00edgido de 250GB e teclado retro-iluminado, o seu pre\u00e7o ser\u00e1 1599 d\u00f3lares.<\/p>\n<p>Os novos modelos da linha MacBook Pro apresentam agora dois chips gr\u00e1ficos da Nvidia (GeForce 9400M e Geforce 9600M GT).\u00a0 As duas est\u00e3o presentes no mesmo port\u00e1til, sendo assim poss\u00edvel optar por utilizar somente o GPU integrado ao chipset e dispor desse modo de 5 horas de autonomia ou ent\u00e3o activar o modo Turbo e ter uma pot\u00eancia gr\u00e1fica superior. O pre\u00e7o \u00e9 de 1999 d\u00f3lares ou 2499 d\u00f3lares mediante a configura\u00e7\u00e3o escolhida.<\/p>\n<p style=\"text-align: center;\"><img decoding=\"async\" class=\"aligncenter\" src=\"\/\/www.ticmais.pt\/ticmais\/imagens\/Apple%20lanca%20novos%20MacBooks%20com%20farpas%20a%20Microsoft.jpg\" alt=\"\" \/><\/p>\n<p>O MacBook Air, o port\u00e1til ultra-fino e leve da Apple, ganha uma placa gr\u00e1fica Nvidia Geforce 9400M e um disco r\u00edgido de 120GB, e custar\u00e1 1799 d\u00f3lares, bem como ser\u00e1\u00a0 disponibilizada uma vers\u00e3o com uma unidade SSD de 128GB e um processador mais r\u00e1pido, que poder\u00e1 ser adquirida por 2499 d\u00f3lares.<\/p>\n<p style=\"text-align: center;\"><img decoding=\"async\" class=\"aligncenter\" src=\"\/\/www.ticmais.pt\/ticmais\/imagens\/Apple%20lanca%20novos%20MacBooks%20com%20farpas%20a%20Microsoft3.jpg\" alt=\"\" \/><\/p>\n<p>O MacBook com chassis em pl\u00e1stico desceu para os 999 d\u00f3lares, menos 100 d\u00f3lares que at\u00e9 agora.<\/p>\n<p style=\"text-align: center;\"><img decoding=\"async\" class=\"aligncenter\" src=\"\/\/www.ticmais.pt\/ticmais\/imagens\/Apple%20lanca%20novos%20MacBooks%20com%20farpas%20a%20Microsoft1.jpg\" alt=\"\" \/>Nova conex\u00e3o de v\u00eddeo para notebooks Apple<\/p>\n<p>O Windows Vista, foi apontado como uma das raz\u00f5es do sucesso das vendas dos computadores da ma\u00e7\u00e3. \u00abPenso que \u00e9 justo dizer que o Vista n\u00e3o viveu \u00e0 altura de tudo o que a Microsoft estava \u00e0 espera &#8211; e isso abriu-nos uma porta\u00bb, afirmou Tim Cook, executivo da Apple.<\/p>\n<p>Modelos dispon\u00edveis\u00a0a partir de hoje<\/p>\n<p align=\"justify\">Fonte: <a href=\"http:\/\/ciberia.aeiou.pt\" target=\"_blank\">Ciberia<\/a>\u00a0e <a href=\"http:\/\/macmagazine.com.br\/blog\/\" target=\"_blank\">MAC.MAGAZINE<\/a><\/p>\n<p>\u00a0<a href=\"http:\/\/stream.qtv.apple.com\/events\/oct\/0810rtdws876\/m_08100053744wuasd_650_ref.mov\" target=\"_blank\"><img decoding=\"async\" src=\"\/\/www.ticmais.pt\/ticmais\/imagens\/youtube.jpg\" alt=\"\" \/><\/a>\u00a0(Necess\u00e1rio instalar\u00a0Quick Time &#8211; Download <a href=\"http:\/\/www.apple.com\/quicktime\/download\/\" target=\"_blank\">aqui<\/a>)<\/p>\n<\/td>\n<\/tr>\n<\/tbody>\n<\/table>\n","protected":false},"excerpt":{"rendered":"<p>A Apple acaba de apresentar as suas renovadas linhas de port\u00e1teis MacBook. Os novos modelos do MacBook, MacBook Air e MacBook Pro foram apresentados por Steve Jobs, na sede da Apple (ver v\u00eddeo em QuickTime).<\/p>\n","protected":false},"author":1,"featured_media":0,"comment_status":"closed","ping_status":"open","sticky":false,"template":"","format":"standard","meta":{"footnotes":""},"categories":[15],"tags":[103,118],"class_list":["post-1222","post","type-post","status-publish","format-standard","hentry","category-tic-mais","tag-apple","tag-macbooks"],"_links":{"self":[{"href":"https:\/\/www.ticmais.pt\/index.php?rest_route=\/wp\/v2\/posts\/1222","targetHints":{"allow":["GET"]}}],"collection":[{"href":"https:\/\/www.ticmais.pt\/index.php?rest_route=\/wp\/v2\/posts"}],"about":[{"href":"https:\/\/www.ticmais.pt\/index.php?rest_route=\/wp\/v2\/types\/post"}],"author":[{"embeddable":true,"href":"https:\/\/www.ticmais.pt\/index.php?rest_route=\/wp\/v2\/users\/1"}],"replies":[{"embeddable":true,"href":"https:\/\/www.ticmais.pt\/index.php?rest_route=%2Fwp%2Fv2%2Fcomments&post=1222"}],"version-history":[{"count":0,"href":"https:\/\/www.ticmais.pt\/index.php?rest_route=\/wp\/v2\/posts\/1222\/revisions"}],"wp:attachment":[{"href":"https:\/\/www.ticmais.pt\/index.php?rest_route=%2Fwp%2Fv2%2Fmedia&parent=1222"}],"wp:term":[{"taxonomy":"category","embeddable":true,"href":"https:\/\/www.ticmais.pt\/index.php?rest_route=%2Fwp%2Fv2%2Fcategories&post=1222"},{"taxonomy":"post_tag","embeddable":true,"href":"https:\/\/www.ticmais.pt\/index.php?rest_route=%2Fwp%2Fv2%2Ftags&post=1222"}],"curies":[{"name":"wp","href":"https:\/\/api.w.org\/{rel}","templated":true}]}}