{"id":1224,"date":"2008-10-15T18:43:26","date_gmt":"2008-10-15T17:43:26","guid":{"rendered":"http:\/\/www.ticmais.pt\/?p=1224"},"modified":"2008-10-15T18:43:26","modified_gmt":"2008-10-15T17:43:26","slug":"asus-eeepc-901-35g-a-venda-na-europa","status":"publish","type":"post","link":"https:\/\/www.ticmais.pt\/?p=1224","title":{"rendered":"Asus EeePC 901 3.5G \u00e0 venda na Europa"},"content":{"rendered":"<table style=\"text-align: center;\" border=\"0\" cellspacing=\"5\" cellpadding=\"5\" width=\"100%\" align=\"justify\">\n<tbody>\n<tr>\n<td width=\"160\" valign=\"top\">\n<p style=\"text-align: justify;\"><img decoding=\"async\" src=\"\/\/www.ticmais.pt\/ticmais\/imagens\/Asus-EeePC-901-3G-imagens.jpg\" alt=\"\" \/><\/p>\n<\/td>\n<td valign=\"top\">\n<p class=\"MsoNormal\" style=\"margin: 0cm 0cm 10pt; text-align: justify;\">Come\u00e7am a surgir nas lojas pela Europa fora o novo EeePC 901 com placa\u00a03.5G HSUPA integrada.<br \/>\nPara j\u00e1 nenhuma das operadoras portuguesas avan\u00e7ou qualquer informa\u00e7\u00e3o sobre a disponibilidade deste novo modelo nem do seu pre\u00e7o.<br \/>\nResta-nos por agora ver algumas imagens e conhecer alguma das ofertas existentes j\u00e1 na Europa.<\/p>\n<\/td>\n<\/tr>\n<\/tbody>\n<\/table>\n<p><!--more--><\/p>\n<table style=\"text-align: center;\" border=\"0\" cellspacing=\"5\" cellpadding=\"5\" width=\"100%\" align=\"justify\">\n<tbody>\n<tr>\n<td valign=\"top\">\n<p style=\"text-align: center;\" align=\"justify\"><img decoding=\"async\" src=\"\/\/www.ticmais.pt\/ticmais\/imagens\/Asus-EeePC-901-3G-imagens-1.jpg\" alt=\"\" \/><\/p>\n<p style=\"text-align: center;\" align=\"justify\"><img decoding=\"async\" src=\"\/\/www.ticmais.pt\/ticmais\/imagens\/Asus-EeePC-901-3G-imagens-2.jpg\" alt=\"\" \/><\/p>\n<p style=\"margin: 0cm 0cm 10pt; text-align: justify;\">Eis um \u00a0exemplo de tarif\u00e1rios e respectivos pre\u00e7os praticados por\u00a0uma operadora francesa.<\/p>\n<p style=\"margin: 0cm 0cm 10pt; text-align: justify;\">399\u20ac &#8211; (sem contracto)<br \/>\n279\u20ac &#8211; com mensalidade de 29,90\u20ac (contracto 2 anos)<br \/>\n279\u20ac &#8211; com mensalidade de 34,90\u20ac (contracto 1 ano)<\/p>\n<p style=\"margin: 0cm 0cm 10pt; text-align: justify;\">Mais informa\u00e7\u00e3o em: <a href=\"http:\/\/www.sfr.fr\/mobile\/internet-ultra-portable.jspe\" target=\"_blank\">Aqui<\/a><\/p>\n<p style=\"margin: 0cm 0cm 10pt; text-align: justify;\">Outra novidade consiste na exist\u00eancia de altera\u00e7\u00f5es a n\u00edvel de hardware, passando a estar dispon\u00edveis dois discos SSD integrados.<\/p>\n<p style=\"margin: 0cm 0cm 10pt; text-align: justify;\">Sendo o disco do sistema operativo de 8GB SLC SSD (mais r\u00e1pido) e o disco para informa\u00e7\u00e3o de 8GB MLC SSD (n\u00e3o t\u00e3o r\u00e1pido).<\/p>\n<p style=\"margin: 0cm 0cm 10pt; text-align: justify;\">NOTA: Alguns utilizadores notaram que nem todos os EeePC 901 3.5G possuem Bluetooth, ao que a Asus no seu site respondeu \u201cque essas caracter\u00edsticas encontram-se ao crit\u00e9rio das operadores, o que permitir\u00e1 diferentes configura\u00e7\u00f5es entre as diversas operadoras\u201d.<\/p>\n<p style=\"text-align: left;\">Fonte: <a href=\"http:\/\/jkkmobile.blogspot.com\" target=\"_blank\">jkkmobile<\/a><\/p>\n<\/td>\n<\/tr>\n<\/tbody>\n<\/table>\n","protected":false},"excerpt":{"rendered":"<p>Come\u00e7am a surgir nas lojas pela Europa fora o novo EeePC 901 com placa\u00a03.5G HSUPA integrada. Para j\u00e1 nenhuma das operadoras portuguesas avan\u00e7ou qualquer informa\u00e7\u00e3o sobre a disponibilidade deste novo modelo nem do seu pre\u00e7o. Resta-nos por agora ver algumas imagens e conhecer alguma das ofertas existentes j\u00e1 na Europa.<\/p>\n","protected":false},"author":1,"featured_media":0,"comment_status":"closed","ping_status":"open","sticky":false,"template":"","format":"standard","meta":{"footnotes":""},"categories":[15],"tags":[93,72],"class_list":["post-1224","post","type-post","status-publish","format-standard","hentry","category-tic-mais","tag-eeepc","tag-hardware"],"_links":{"self":[{"href":"https:\/\/www.ticmais.pt\/index.php?rest_route=\/wp\/v2\/posts\/1224","targetHints":{"allow":["GET"]}}],"collection":[{"href":"https:\/\/www.ticmais.pt\/index.php?rest_route=\/wp\/v2\/posts"}],"about":[{"href":"https:\/\/www.ticmais.pt\/index.php?rest_route=\/wp\/v2\/types\/post"}],"author":[{"embeddable":true,"href":"https:\/\/www.ticmais.pt\/index.php?rest_route=\/wp\/v2\/users\/1"}],"replies":[{"embeddable":true,"href":"https:\/\/www.ticmais.pt\/index.php?rest_route=%2Fwp%2Fv2%2Fcomments&post=1224"}],"version-history":[{"count":0,"href":"https:\/\/www.ticmais.pt\/index.php?rest_route=\/wp\/v2\/posts\/1224\/revisions"}],"wp:attachment":[{"href":"https:\/\/www.ticmais.pt\/index.php?rest_route=%2Fwp%2Fv2%2Fmedia&parent=1224"}],"wp:term":[{"taxonomy":"category","embeddable":true,"href":"https:\/\/www.ticmais.pt\/index.php?rest_route=%2Fwp%2Fv2%2Fcategories&post=1224"},{"taxonomy":"post_tag","embeddable":true,"href":"https:\/\/www.ticmais.pt\/index.php?rest_route=%2Fwp%2Fv2%2Ftags&post=1224"}],"curies":[{"name":"wp","href":"https:\/\/api.w.org\/{rel}","templated":true}]}}