{"id":1225,"date":"2008-10-15T18:42:19","date_gmt":"2008-10-15T17:42:19","guid":{"rendered":"http:\/\/www.ticmais.pt\/?p=1225"},"modified":"2008-10-15T18:42:19","modified_gmt":"2008-10-15T17:42:19","slug":"europa-pretende-liderar-transicao-para-a-web-30","status":"publish","type":"post","link":"https:\/\/www.ticmais.pt\/?p=1225","title":{"rendered":"Europa pretende liderar transi\u00e7\u00e3o para a Web 3.0"},"content":{"rendered":"<table border=\"0\" cellspacing=\"5\" cellpadding=\"5\" width=\"100%\" align=\"justify\">\n<tbody>\n<tr>\n<td width=\"160\" valign=\"top\">\n<p align=\"justify\"><img decoding=\"async\" src=\"\/\/www.ticmais.pt\/ticmais\/imagens\/Europa%20pretende%20liderar%20transicao%20para%20a%20Web%203.0.jpg\" alt=\"\" \/><\/p>\n<\/td>\n<td valign=\"top\">\n<p align=\"justify\">A Comiss\u00e3o Europeia est\u00e1 a estudar a melhor forma de antecipar a lideran\u00e7a da transi\u00e7\u00e3o para a Web 3.0.<br \/>\nDe acordo com um relat\u00f3rio recentemente publicado, a Europa encontra-se bem posicionada para responder \u00e0 nova vaga da revolu\u00e7\u00e3o da informa\u00e7\u00e3o.<\/p>\n<\/td>\n<\/tr>\n<\/tbody>\n<\/table>\n<p><!--more--><\/p>\n<table border=\"0\" cellspacing=\"5\" cellpadding=\"5\" width=\"100%\" align=\"justify\">\n<tbody>\n<tr>\n<td valign=\"top\">\n<p style=\"text-align: justify;\">Os acessos dispon\u00edveis para os utilizadores europeus est\u00e3o cada vez mais r\u00e1pidos e melhores. A banda larga cobre 70% da popula\u00e7\u00e3o rural dos 27 Estados-Membros da Uni\u00e3o Europeia (UE), tendo crescido oito pontos percentuais s\u00f3 no \u00faltimo ano.<\/p>\n<p style=\"text-align: justify;\">Viviane Reding, comiss\u00e1ria europeia para a Sociedade de Informa\u00e7\u00e3o e Media considera que \u00aba Web 3.0 \u2013 a Internet do futuro \u2013 vai mudar radicalmente a nossa sociedade atrav\u00e9s de redes digitais r\u00e1pidas, fi\u00e1veis e seguras\u00bb. A comiss\u00e1ria defende que a \u00abWeb 3.0 significa neg\u00f3cios, lazer e redes sociais a qualquer hora e em qualquer lugar\u00bb acreditando no \u00absaber-fazer e na capacidade para liderar a transforma\u00e7\u00e3o para garantir que a Web 3.0 seja feita e usada na Europa\u00bb.<\/p>\n<p style=\"text-align: justify;\">As modernas aplica\u00e7\u00f5es tecnol\u00f3gicas imp\u00f5em uma cobertura Internet integral, atrav\u00e9s da interac\u00e7\u00e3o sem fios entre aparelhos, m\u00e1quinas, ve\u00edculos, sensores e outros dispositivos.<\/p>\n<p style=\"text-align: justify;\">O recente relat\u00f3rio da UE mostra que os pa\u00edses europeus est\u00e3o bem posicionados para poder beneficiar destas oportunidades da banda larga, gra\u00e7as a um ambiente concorrencial e aberto aos investidores.<\/p>\n<p style=\"text-align: justify;\">Os Pa\u00edses Baixos e a Su\u00e9cia lideram incontestavelmente na UE, fruto de um ambiente favor\u00e1vel \u00e0 concorr\u00eancia, \u00e0s empresas e aos cidad\u00e3os, com compet\u00eancias que lhe possibilitam utilizar servi\u00e7os avan\u00e7ados de Internet. Mas factores sociais, designadamente a aus\u00eancia de compet\u00eancias inform\u00e1ticas, penetra\u00e7\u00e3o limitada dos computadores e despesas reduzidas com Tecnologias da Informa\u00e7\u00e3o e Comunica\u00e7\u00e3o (TIC), podem constituir obst\u00e1culos importantes \u00e0 implementa\u00e7\u00e3o das novas funcionalidades.<\/p>\n<p style=\"text-align: justify;\">A Comunica\u00e7\u00e3o da Comiss\u00e3o sobre as futuras redes e a Internet encontra-se dispon\u00edvel <a href=\"http:\/\/ec.europa.eu\/information_society\/eeurope\/i2010\/index_en.htm\" target=\"_blank\">aqui<\/a>.<\/p>\n<p style=\"text-align: justify;\">A consulta p\u00fablica sobre a \u00abInternet das coisas\u00bb encontra-se dispon\u00edvel <a href=\"http:\/\/ec.europa.eu\/yourvoice\/ipm\/forms\/dispatch?form=IOTconsultation\" target=\"_blank\">aqui<\/a>.<\/p>\n<p style=\"text-align: justify;\">Fonte: <a href=\"http:\/\/www.i-gov.org\/\" target=\"_blank\">iGOV Central<\/a><\/p>\n<p style=\"text-align: justify;\">Nota &#8216;TICMAIS&#8217;:<br \/>\n<span style=\"color: #800000;\"><strong>Em Coruche resta-nos sonhar!<\/strong><\/span><\/p>\n<\/td>\n<\/tr>\n<\/tbody>\n<\/table>\n","protected":false},"excerpt":{"rendered":"<p>A Comiss\u00e3o Europeia est\u00e1 a estudar a melhor forma de antecipar a lideran\u00e7a da transi\u00e7\u00e3o para a Web 3.0. De acordo com um relat\u00f3rio recentemente publicado, a Europa encontra-se bem posicionada para responder \u00e0 nova vaga da revolu\u00e7\u00e3o da informa\u00e7\u00e3o.<\/p>\n","protected":false},"author":1,"featured_media":0,"comment_status":"closed","ping_status":"open","sticky":false,"template":"","format":"standard","meta":{"footnotes":""},"categories":[15],"tags":[34,35,109],"class_list":["post-1225","post","type-post","status-publish","format-standard","hentry","category-tic-mais","tag-internet","tag-telecomunicacoes","tag-ue"],"_links":{"self":[{"href":"https:\/\/www.ticmais.pt\/index.php?rest_route=\/wp\/v2\/posts\/1225","targetHints":{"allow":["GET"]}}],"collection":[{"href":"https:\/\/www.ticmais.pt\/index.php?rest_route=\/wp\/v2\/posts"}],"about":[{"href":"https:\/\/www.ticmais.pt\/index.php?rest_route=\/wp\/v2\/types\/post"}],"author":[{"embeddable":true,"href":"https:\/\/www.ticmais.pt\/index.php?rest_route=\/wp\/v2\/users\/1"}],"replies":[{"embeddable":true,"href":"https:\/\/www.ticmais.pt\/index.php?rest_route=%2Fwp%2Fv2%2Fcomments&post=1225"}],"version-history":[{"count":0,"href":"https:\/\/www.ticmais.pt\/index.php?rest_route=\/wp\/v2\/posts\/1225\/revisions"}],"wp:attachment":[{"href":"https:\/\/www.ticmais.pt\/index.php?rest_route=%2Fwp%2Fv2%2Fmedia&parent=1225"}],"wp:term":[{"taxonomy":"category","embeddable":true,"href":"https:\/\/www.ticmais.pt\/index.php?rest_route=%2Fwp%2Fv2%2Fcategories&post=1225"},{"taxonomy":"post_tag","embeddable":true,"href":"https:\/\/www.ticmais.pt\/index.php?rest_route=%2Fwp%2Fv2%2Ftags&post=1225"}],"curies":[{"name":"wp","href":"https:\/\/api.w.org\/{rel}","templated":true}]}}