{"id":1229,"date":"2007-01-23T01:29:21","date_gmt":"2007-01-23T01:29:21","guid":{"rendered":"http:\/\/www.ticmais.pt\/?p=1229"},"modified":"2020-04-16T23:28:21","modified_gmt":"2020-04-16T22:28:21","slug":"fundamentos-da-carta-aberta-a-c-m-de-coruche","status":"publish","type":"post","link":"https:\/\/www.ticmais.pt\/?p=1229","title":{"rendered":"Fundamentos da Carta Aberta \u00e0 C. M. de Coruche"},"content":{"rendered":"<table style=\"width: 100%;\" border=\"0\" cellspacing=\"5\" cellpadding=\"5\">\n<tbody>\n<tr>\n<td valign=\"top\"><img loading=\"lazy\" decoding=\"async\" src=\"\/\/www.ticmais.pt\/ticmais\/imagens\/fundamentos-da-carta-aberta-a-c-m-de-coruche.jpg\" alt=\"\" width=\"160\" height=\"159\" border=\"0\" \/><\/td>\n<td valign=\"top\"><strong><span style=\"color: #990000;\">Nota pr\u00e9via: <\/span><\/strong><\/p>\n<div>Esta interven\u00e7\u00e3o c\u00edvica tem como principal objectivo agitar as \u00e1guas e n\u00e3o pretende ferir ningu\u00e9m, muito menos os funcion\u00e1rios que trabalham nas \u00e1reas focadas, que ser\u00e3o os primeiros, face aos meios que disp\u00f5em, a compreender o que se pretende,\u00a0 que \u00e9 elevar o patamar de desenvolvimento concelhio, no dom\u00ednio das Tecnologias de Informa\u00e7\u00e3o e Comunica\u00e7\u00e3o.<\/div>\n<\/td>\n<\/tr>\n<\/tbody>\n<\/table>\n<div><!--more--><\/div>\n<table style=\"width: 100%;\" border=\"0\" cellspacing=\"5\" cellpadding=\"5\">\n<tbody>\n<tr>\n<td valign=\"top\"><span style=\"color: #000000;\">O <strong>Ticmais<\/strong> (Movimento de Cidadania E-Coruche)<\/span> \u00e9 composto por cidad\u00e3os do concelho de Coruche, que defendem um modelo de desenvolvimento sustent\u00e1vel para o concelho, e pretendem, por essa via, participar na valoriza\u00e7\u00e3o do concelho no \u00e2mbito da SOCIEDADE DO CONHECIMENTO\/DA INFORMA\u00c7AO E DO AMBIENTE (aqui com especial destaque para as energias renov\u00e1veis e a efici\u00eancia energ\u00e9tica).<\/p>\n<div><strong><span style=\"color: #990000;\">As motiva\u00e7\u00f5es <\/span><\/strong>Entre os anos 2000 e 2002, fizemos parte dum grupo de pessoas de meia-idade e algumas mais jovens que fizeram press\u00e3o junto da PT e da Assembleia Municipal de Coruche, alertando para a necessidade que o concelho tinha de acessos Internet ADSL-Banda Larga. Para minimizar os efeitos do facto de Coruche n\u00e3o ter, nessa data, acessos de Banda Larga (o que hoje ainda n\u00e3o acontece na totalidade do Concelho), fomos daqueles que, como tantos outros iveram de andar em cima do telhado das casas onde residem, a colocar Acessos point, que permitissem melhorar as condi\u00e7\u00f5es de comunica\u00e7\u00e3o ente grupos de pessoas. A partilha de informa\u00e7\u00e3o e de conhecimentos entre as pessoas envolvidas foi bastante frutuosa nesse per\u00edodo.Nessa altura, houve mesmo um grupo de jovens bastante din\u00e2micos que tentaram instalar uma rede Wireless na vila, tendo, para o efeito, solicitado \u00e0 C\u00e2mara Municipal de Coruche ajuda para a sua aquisi\u00e7\u00e3o e instala\u00e7\u00e3o, bem como autoriza\u00e7\u00e3o para a coloca\u00e7\u00e3o da antena no dep\u00f3sito de \u00e1gua da vila. Como a receptividade n\u00e3o foi muita, o projecto n\u00e3o avan\u00e7ou e, desse grupo de jovens, restam muito poucos a viver ou a trabalhar no concelho, pois, como tantos outros, tiveram de deix\u00e1-lo, logo ap\u00f3s o 9\u00ba ano, para prosseguirem os seus estudos na \u00e1rea das NTCI e noutras, que em Coruche n\u00e3o foi poss\u00edvel frequentar.<\/div>\n<div>Para o concelho n\u00e3o \u00e9 bom essa sa\u00edda acontecer t\u00e3o cedo, mas mais preocupante \u00e9, depois de conclu\u00edrem os seus estudos, os jovens quadros n\u00e3o regressarem para a\u00ed viverem e trabalharem e, desse modo, poderem colocar os seus conhecimentos ao servi\u00e7o do desenvolvimento do concelho. Mas se nessa altura j\u00e1 n\u00e3o era bom essa sa\u00edda acontecer t\u00e3o cedo, hoje, face aos desafios da Agenda de Lisboa e do Plano Tecnol\u00f3gico, pior \u00e9 essa situa\u00e7\u00e3o continuar a acontecer.<\/div>\n<div><strong><span style=\"color: #990000;\">O regresso a Coruche n\u00e3o pode tardar <\/span><\/strong>De Dezembro de 2002 a Janeiro de 2006, foi poss\u00edvel (com algum empenho pessoal de elementos deste Movimento), funcionar, na Escola Profissional de Coruche, o 1\u00ba e \u00fanico Curso T\u00e9cnico-Profisional de Inform\u00e1tica (n\u00edvel III), promovido pelo Centro de Emprego de Salvaterra. Foi uma iniciativa que consideramos extremamente positiva e encorajadora, mas infelizmente curta. Apesar de se ter desenvolvido uma s\u00e9rie de alertas p\u00fablicos, face \u00e0 possibilidade de o curso poder n\u00e3o ter continuidade, ap\u00f3s a sua conclus\u00e3o, infelizmente, tal veio a acontecer. Coruche voltou novamente a n\u00e3o ter nenhum curso na \u00e1rea da NTCI.<\/div>\n<div><strong><span style=\"color: #990000;\">A esperan\u00e7a <\/span><\/strong>Mas n\u00f3s temos a esperan\u00e7a de que, se houver maior ambi\u00e7\u00e3o, enquadrada no dinamismo do desenvolvimento dum moderno Parque de Neg\u00f3cios e doutras infra-estruturas, como a cria\u00e7\u00e3o do Observat\u00f3rio da Corti\u00e7a, do IC 10 e do IC13, justificado pelos mesmos argumentos que hoje fundamentam a cria\u00e7\u00e3o de uma Unidade B\u00e1sica de Sa\u00fade na parte sul do distrito de Santar\u00e9m e, futuramente, noutro patamar de desenvolvimento, com modernas redes de comunica\u00e7\u00f5es (de fibra \u00f3ptica e sem fios), talvez venham a existir argumentos para ter no concelho um TECNOP\u00d3LO (alta tecnologia, empresas e ensino polit\u00e9cnico).<\/div>\n<div><strong><span style=\"color: #990000;\">A Internet no Concelho <\/span><\/strong>No que diz respeito aos acessos ADSL Banda-Larga existentes no concelho, as fam\u00edlias e as empresas, t\u00eam de pagar mensalidades bastante altas, beneficiando em contrapartida de velocidades relativamente baixas e dum leque de op\u00e7\u00f5es bastante reduzido, comparativamente com outras zonas do pa\u00eds, que podem optar por melhores tarif\u00e1rios e velocidades mais elevadas: Cable-Modem (tv por cabo), Wireless, EVDO, WiMAX; IPTV (triple play),GSM, Hot spots, etc. Mas se estas diferen\u00e7as ao n\u00edvel do pa\u00eds j\u00e1 s\u00e3o um grande desafio a vencer, outros h\u00e1 ainda maiores. Como vamos n\u00f3s encurtar dist\u00e2ncias entre os pa\u00edses que lideram este campeonato, quando hoje cidades inteiras por esse mundo fora disponibilizam ou est\u00e3o a disponibilizar aos seus cidad\u00e3os redes wireless e WiMAX de forma gratuita e com cobertura geogr\u00e1fica total. O efeito bola de neve S\u00f3 assim se poder\u00e3o disseminar os conhecimentos e experi\u00eancias, dinamizar o tecido empresarial e o empreendedorismo atrav\u00e9s de portais B2B, bem como apelar \u00e0 participa\u00e7\u00e3o dos cidad\u00e3os, por exemplo na cria\u00e7\u00e3o de novas empresas, viabilizando ajudas para investimentos em empresas baseadas nas novas tecnologias, assumindo aqui o Parque de Neg\u00f3cios um papel important\u00edssimo. Na \u00e1rea da inova\u00e7\u00e3o, as tecnologias de informa\u00e7\u00e3o e comunica\u00e7\u00e3o s\u00e3o cruciais para a competitividade. \u00c9 necess\u00e1rio aproveitar a instala\u00e7\u00e3o de condutas de saneamento e dep\u00f3sitos de \u00e1gua para a instala\u00e7\u00e3o de redes de fibra \u00f3ptica e retransmissores de comunica\u00e7\u00f5es sem fios. Assim, para o concelho cumprir com a sua parte dos objectivos da Agenda de Lisboa, TODOS os agentes locais ter\u00e3o de ser bem mais audazes e pr\u00f3-activos. <span style=\"color: #800000;\">O Movimento &#8220;ticMAIS&#8221; promete que vai fazer a sua parte!<\/span><\/div>\n<div><strong><span style=\"color: #990000;\">A C\u00e2mara Municipal de Coruche tem de promover na \u00e1rea das Tecnologias de Informa\u00e7\u00e3o e Comunica\u00e7\u00e3o de forma integrada e transversal (em parceria com outras entidades) o desenvolvimento de:<\/span><\/strong><\/div>\n<\/td>\n<\/tr>\n<\/tbody>\n<\/table>\n<table style=\"width: 100%;\" border=\"0\" cellspacing=\"5\" cellpadding=\"5\">\n<tbody>\n<tr>\n<td style=\"width: 2px;\" valign=\"top\"><strong>.<\/strong><\/td>\n<td valign=\"top\">Concretiza\u00e7\u00e3o do Parque de Neg\u00f3cios, dotado de modernas infraestruturas de redes digitais de comunica\u00e7\u00e3o, de energia (incluindo o g\u00e1s natural) e com a vertente de incuba\u00e7\u00e3o de empresas;<\/td>\n<\/tr>\n<\/tbody>\n<\/table>\n<table style=\"width: 100%;\" border=\"0\" cellspacing=\"5\" cellpadding=\"5\">\n<tbody>\n<tr>\n<td style=\"width: 2px;\" valign=\"top\"><strong>.<\/strong><\/td>\n<td valign=\"top\">novos cursos escolares no \u00e2mbito da Sociedade do Conhecimento, das energias renov\u00e1veis e da efici\u00eancia energ\u00e9tica (<span style=\"color: #000000;\">h\u00e1 que \u201cagitar\u201d os respons\u00e1veis escolares<\/span>);<\/td>\n<\/tr>\n<\/tbody>\n<\/table>\n<table style=\"width: 100%;\" border=\"0\" cellspacing=\"5\" cellpadding=\"5\">\n<tbody>\n<tr>\n<td style=\"width: 2px;\" valign=\"top\"><strong>.<\/strong><\/td>\n<td valign=\"top\">forma\u00e7\u00e3o profissional (h\u00e1 C\u00e2maras que j\u00e1 se envolveram em parcerias com IEFP);<span style=\"color: #ffffff;\">);&#8230;&#8230;&#8230;&#8230;<\/span><\/td>\n<\/tr>\n<\/tbody>\n<\/table>\n<table style=\"width: 100%;\" border=\"0\" cellspacing=\"5\" cellpadding=\"5\">\n<tbody>\n<tr>\n<td style=\"width: 2px;\" valign=\"top\"><strong>.<\/strong><\/td>\n<td valign=\"top\">sa\u00eddas profissionais e ocupa\u00e7\u00e3o de tempos livres;<\/td>\n<\/tr>\n<\/tbody>\n<\/table>\n<table style=\"width: 100%;\" border=\"0\" cellspacing=\"5\" cellpadding=\"5\">\n<tbody>\n<tr>\n<td style=\"width: 2px;\" valign=\"top\"><strong>.<\/strong><\/td>\n<td valign=\"top\">politicas efectivas de inclus\u00e3o social e digital (candidaturas aos programas em curso).<\/td>\n<\/tr>\n<\/tbody>\n<\/table>\n<table style=\"width: 100%;\" border=\"0\" cellspacing=\"5\" cellpadding=\"5\">\n<tbody>\n<tr>\n<td colspan=\"2\" valign=\"top\"><strong><span style=\"color: #990000;\">Uma chamada de aten\u00e7\u00e3o para a \u00e1rea promissora das energias renov\u00e1veis e dos bio-combust\u00edveis <\/span><\/strong>Todos os novos edif\u00edcios p\u00fablicos dever\u00e3o levar pain\u00e9is solares e o munic\u00edpio de Coruche dever\u00e1 promover a sua implementa\u00e7\u00e3o, designadamente de bio-combust\u00edveis alternativos nos transportes municipais, entre outras medidas, que oportunamente ser\u00e3o apresentas. O facto de termos em Coruche uma empresa com a din\u00e2mica da TEGAEL, que j\u00e1 aderiu ao Cluster industrial cons\u00f3rcio E\u00f3licas de Portugal, dever\u00e1 merecer das Entidades com responsabilidades pelo ensino T\u00e9cnico-profissional, uma aten\u00e7\u00e3o especial, analizando a possibilidade de cria\u00e7\u00e3o decursos nesta \u00e1rea t\u00e3o promissora.<\/p>\n<div><strong><span style=\"color: #990000;\">\u00c9 presiso cuidar do parque inform\u00e1tico e ensinar a pescar<\/span><\/strong> Assim como existem nos munic\u00edpios os Piquetes de \u00c1guas, Electricidade, G\u00e1s, etc., tamb\u00e9m na \u00e1rea das NTCI, todo o parque inform\u00e1tico instalado pelos concelhos (servi\u00e7os municipais, juntas de freguesias, escolas, bibliotecas, bombeiros, jardins de inf\u00e2ncia, museus, etc, etc.) dever\u00e1 ter um acompanhamento de qualidade eficiente e c\u00e9lere (ao n\u00edvel do hardware, software, redes) com car\u00e1cter pedag\u00f3gico e formativo no local e on-line (\u00e9 preciso ensinar a pescar), de modo a aproveitar cada vez mais as verdadeiras potencialidades destas NTCI e impedir que por coisas de nada os equipamentos estejam parados.<\/div>\n<div><span style=\"color: #990000;\"><strong>A C. M. DE CORUCHE E O E-GOVERNMENT<\/strong> <\/span>Em 2000, \u00e0 data da Agenda de Lisboa, a Administra\u00e7\u00e3o Central apresentava uma percentagem m\u00e9dia de 2% (note-se 2 em 100) de funcion\u00e1rios nas carreiras de Inform\u00e1tica, o que foi definido como bastante insuficiente e a alterar.De 2000 a 2006, dum modo geral, esse valor tem vindo a aumentar de forma significativa nos servi\u00e7os da Administra\u00e7\u00e3o Central.Na C\u00e2mara Municipal de Coruche, decorridos 6 anos, o panorama \u00e9 significativamente pior. Al\u00e9m de n\u00e3o ter substitu\u00eddo o \u00fanico T\u00e9cnico Superior que teve nesta \u00e1rea, baixou a percentagem de 0,75% para 0,5%. Se avaliarmos o web-site do Munic\u00edpio de Coruche com base na maturidade dos e-servi\u00e7os prestados pelos Munic\u00edpios Portugueses atrav\u00e9s das suas p\u00e1ginas de Internet (web-sites) e a avalia\u00e7\u00e3o for subdividida em 4 n\u00edveis de maturidade, como defendem alguns estudiosos da mat\u00e9ria, Coruche encontra-se no 2\u00ba n\u00edvel. No 1\u00ba, est\u00e3o aqueles que basta estarem presentes na Internet, independentemente do que disponibilizam no web-site. No 2\u00ba n\u00edvel, est\u00e3o aqueles que disponibilizam formul\u00e1rios dos servi\u00e7os via Internet, mas os cidad\u00e3os acabam por ter de se dirigir fisicamente aos munic\u00edpios para finalizar os assuntos. Conv\u00e9m referir que dispor de formul\u00e1rios \u00e9 das coisas mais simples que existem on-line. No 3\u00ba n\u00edvel de maturidade, est\u00e3o aqueles em que existe interac\u00e7\u00e3o; n\u00e3o basta disponibilizar os formul\u00e1rios para imprimir, o cidad\u00e3o j\u00e1 pode submeter esse formul\u00e1rio via Internet. No 4\u00ba n\u00edvel, est\u00e3o aqueles munic\u00edpios que assentam na digitaliza\u00e7\u00e3o total dos servi\u00e7os e que, no fundo, respondem \u00e0 totalidade dos objectivos do e-government local. <strong><span style=\"color: #800000;\">Aqui ficam algumas sugest\u00f5es \u00e0 C. M. de Coruche:<\/span><\/strong><\/div>\n<div><strong>N\u00c3O BASTA<\/strong>:<\/div>\n<\/td>\n<\/tr>\n<\/tbody>\n<\/table>\n<table style=\"width: 100%;\" border=\"0\" cellspacing=\"5\" cellpadding=\"5\">\n<tbody>\n<tr>\n<td style=\"width: 2px;\" valign=\"top\"><strong>.<\/strong><\/td>\n<td valign=\"top\">dispor de informa\u00e7\u00e3o (por vezes desactualizada), \u00e9 preciso que ela seja actual e din\u00e2mica;<\/td>\n<\/tr>\n<\/tbody>\n<\/table>\n<table style=\"width: 100%;\" border=\"0\" cellspacing=\"5\" cellpadding=\"5\">\n<tbody>\n<tr>\n<td style=\"width: 2px;\" valign=\"top\"><strong>.<\/strong><\/td>\n<td valign=\"top\">apenas dispor dos formul\u00e1rios, \u00e9 preciso que eles possam ser submetidos electronicamente;<\/td>\n<\/tr>\n<\/tbody>\n<\/table>\n<table style=\"width: 100%;\" border=\"0\" cellspacing=\"5\" cellpadding=\"5\">\n<tbody>\n<tr>\n<td style=\"width: 2px;\" valign=\"top\"><strong>.<\/strong><\/td>\n<td valign=\"top\">apenas publicar as actas das reuni\u00f5es (por vezes com bastante atraso) \u00e9 preciso tamb\u00e9m ter acesso aos documentos anexos que fazem parte integrante das mesmas e onde est\u00e1, na grande maioria dos casos, a informa\u00e7\u00e3o mais importante;<\/td>\n<\/tr>\n<\/tbody>\n<\/table>\n<table style=\"width: 100%;\" border=\"0\" cellspacing=\"5\" cellpadding=\"5\">\n<tbody>\n<tr>\n<td style=\"width: 2px;\" valign=\"top\"><strong>.<\/strong><\/td>\n<td valign=\"top\">apenas ter acesso \u00e0 calendariza\u00e7\u00e3o das reuni\u00f5es da C\u00e2mara Municipal, \u00e9 preciso tamb\u00e9m ter acesso \u00e0 calendariza\u00e7\u00e3o das reuni\u00f5es da Assembleia Municipal, \u00e0s ordens de trabalhos (<span style=\"color: #800000;\">*<\/span>), aos assuntos a aprovar; (<span style=\"color: #800000;\">*<\/span>) <span style=\"color: #800000;\">Este ponto j\u00e1 foi implementado devido \u00e0 nossa insist\u00eancia, o que nos apraz registar.<\/span><\/td>\n<\/tr>\n<\/tbody>\n<\/table>\n<table style=\"width: 100%;\" border=\"0\" cellspacing=\"5\" cellpadding=\"5\">\n<tbody>\n<tr>\n<td style=\"width: 2px;\" valign=\"top\"><strong>.<\/strong><\/td>\n<td valign=\"top\">apenas ter acesso ao n\u00ba de telefone para a marca\u00e7\u00e3o de um atendimento com um eleito, \u00e9 preciso que o mesmo possa ser marcado e confirmado on-line e que o conte\u00fado do mesmo seja registado na base de dados;<\/td>\n<\/tr>\n<\/tbody>\n<\/table>\n<table style=\"width: 100%;\" border=\"0\" cellspacing=\"5\" cellpadding=\"5\">\n<tbody>\n<tr>\n<td colspan=\"2\" valign=\"top\"><strong>DEVER\u00c1 SER POSS\u00cdVEL<\/strong> (apenas alguns exemplos):<\/td>\n<\/tr>\n<\/tbody>\n<\/table>\n<table style=\"width: 100%;\" border=\"0\" cellspacing=\"5\" cellpadding=\"5\">\n<tbody>\n<tr>\n<td style=\"width: 2px;\" valign=\"top\"><strong>.<\/strong><\/td>\n<td valign=\"top\">os eleitos, os cidad\u00e3os e a comunica\u00e7\u00e3o social, terem acesso \u00e0 ordem de trabalhos das reuni\u00f5es, aos documentos antes e depois de aprovados (ex. Planos de actividades, Or\u00e7amentos, Regulamentos, etc.);<\/td>\n<\/tr>\n<\/tbody>\n<\/table>\n<table style=\"width: 100%;\" border=\"0\" cellspacing=\"5\" cellpadding=\"5\">\n<tbody>\n<tr>\n<td style=\"width: 2px;\" valign=\"top\"><strong>.<\/strong><\/td>\n<td valign=\"top\">fazer pagamentos on-line, factura\u00e7\u00e3o electr\u00f3nica e certifica\u00e7\u00e3o digital;<\/td>\n<\/tr>\n<\/tbody>\n<\/table>\n<table style=\"width: 100%;\" border=\"0\" cellspacing=\"5\" cellpadding=\"5\">\n<tbody>\n<tr>\n<td style=\"width: 2px;\" valign=\"top\"><strong>.<\/strong><\/td>\n<td valign=\"top\">ter acessos a baixa velocidade gratuitos ou a pre\u00e7o simb\u00f3lico(acesso de cidadania\/hot-spots);<\/td>\n<\/tr>\n<\/tbody>\n<\/table>\n<table style=\"width: 100%;\" border=\"0\" cellspacing=\"5\" cellpadding=\"5\">\n<tbody>\n<tr>\n<td style=\"width: 2px;\" valign=\"top\"><strong>.<\/strong><\/td>\n<td valign=\"top\">dispor de servi\u00e7os de interac\u00e7\u00e3o com os cidad\u00e3os (chats, f\u00f3runs, entre outros), por exemplo, mediante ades\u00e3o, criar servi\u00e7os que se apoiem na tecnologia SMS para melhorar a interac\u00e7\u00e3o com os mun\u00edcipes (Ex. divulgar actividades culturais, cortes de tr\u00e2nsito ou de \u00e1gua).<\/td>\n<\/tr>\n<\/tbody>\n<\/table>\n<table style=\"width: 100%;\" border=\"0\" cellspacing=\"5\" cellpadding=\"5\">\n<tbody>\n<tr>\n<td style=\"width: 2px;\" valign=\"top\"><strong>.<\/strong><\/td>\n<td valign=\"top\">transmitir as reuni\u00f5es p\u00fablicas on-line (Ex.: Assembleia Municipal de Lisboa e Castelo Branco); <a href=\"http:\/\/www.cm-castelobranco.pt\/autarquia_digital.asp?lang=p&amp;skin=1\" target=\"_blank\" rel=\"noopener noreferrer\">Ver<\/a><\/td>\n<\/tr>\n<\/tbody>\n<\/table>\n<table style=\"width: 100%;\" border=\"0\" cellspacing=\"5\" cellpadding=\"5\">\n<tbody>\n<tr>\n<td style=\"width: 2px;\" valign=\"top\"><strong>.<\/strong><\/td>\n<td valign=\"top\">beneficiar de postos p\u00fablicos, quiosques, montras multim\u00e9dia, guich\u00e9 \u00fanico, etc.;<\/td>\n<\/tr>\n<\/tbody>\n<\/table>\n<table style=\"width: 100%;\" border=\"0\" cellspacing=\"5\" cellpadding=\"5\">\n<tbody>\n<tr>\n<td style=\"width: 2px;\" valign=\"top\"><strong>.<\/strong><\/td>\n<td valign=\"top\">disponibilizar cartografia digital e, em geral, de sistemas de informa\u00e7\u00e3o geogr\u00e1fica;<\/td>\n<\/tr>\n<\/tbody>\n<\/table>\n<table style=\"width: 100%;\" border=\"0\" cellspacing=\"5\" cellpadding=\"5\">\n<tbody>\n<tr>\n<td style=\"width: 2px;\" valign=\"top\"><strong>.<\/strong><\/td>\n<td valign=\"top\">disponibilizar conte\u00fados p\u00fablicos, designadamente da biblioteca, museu e arquivo municipal;<\/td>\n<\/tr>\n<\/tbody>\n<\/table>\n<table style=\"width: 100%;\" border=\"0\" cellspacing=\"5\" cellpadding=\"5\">\n<tbody>\n<tr>\n<td style=\"width: 2px;\" valign=\"top\"><strong>.<\/strong><\/td>\n<td valign=\"top\">que todos os eleitos municipais disponham de endere\u00e7os de E-mail personalizados e de acesso directo e que sejam tamb\u00e9m eles, cada vez mais, e-Eleitos; Veja-se por exemplo o Site da C.M. de Lisboa<\/td>\n<\/tr>\n<\/tbody>\n<\/table>\n<table style=\"width: 100%;\" border=\"0\" cellspacing=\"5\" cellpadding=\"5\">\n<tbody>\n<tr>\n<td colspan=\"2\" valign=\"top\"><strong><span style=\"color: #800000;\">No fundo, os cidad\u00e3os t\u00eam o direito:<\/span><\/strong><\/td>\n<\/tr>\n<\/tbody>\n<\/table>\n<table style=\"width: 100%;\" border=\"0\" cellspacing=\"5\" cellpadding=\"5\">\n<tbody>\n<tr>\n<td style=\"width: 2px;\" valign=\"top\"><strong>.<\/strong><\/td>\n<td valign=\"top\">\u00e0 informa\u00e7\u00e3o de interesse particular, de uma forma pr\u00e1tica simples e expedita;<\/td>\n<\/tr>\n<\/tbody>\n<\/table>\n<table style=\"width: 100%;\" border=\"0\" cellspacing=\"5\" cellpadding=\"5\">\n<tbody>\n<tr>\n<td style=\"width: 2px;\" valign=\"top\"><strong>.<\/strong><\/td>\n<td valign=\"top\">a servi\u00e7os p\u00fablicos modernos, eficientes e de qualidade;<\/td>\n<\/tr>\n<\/tbody>\n<\/table>\n<table style=\"width: 100%;\" border=\"0\" cellspacing=\"5\" cellpadding=\"5\">\n<tbody>\n<tr>\n<td style=\"width: 2px;\" valign=\"top\"><strong>.<\/strong><\/td>\n<td valign=\"top\">a gerirem melhor o pr\u00f3prio tempo;<\/td>\n<\/tr>\n<tr>\n<td colspan=\"2\"><img decoding=\"async\" src=\"\/\/www.ticmais.pt\/ticmais\/imagens\/Coruche,Antonio Pinheiro da Costa,TicMAIS,Cantanhede,Cidadania, Movimento.png\" alt=\"\" \/><\/td>\n<\/tr>\n<tr>\n<td colspan=\"2\"><a href=\"https:\/\/www.ticmais.pt\/\"><span style=\"color: #800000;\"><img decoding=\"async\" src=\"\/\/www.ticmais.pt\/ticmais\/imagens\/Coruche, TicMAIS, Antonio Pinheiro da Costa, Movimento de Cidadania, Cantanhede.png\" alt=\"\" \/><\/span><\/a><\/td>\n<\/tr>\n<\/tbody>\n<\/table>\n","protected":false},"excerpt":{"rendered":"<p>Nota pr\u00e9via: Esta interven\u00e7\u00e3o c\u00edvica tem como principal objectivo agitar as \u00e1guas e n\u00e3o pretende ferir ningu\u00e9m, muito menos os funcion\u00e1rios que trabalham nas \u00e1reas focadas, que ser\u00e3o os primeiros, face aos meios que disp\u00f5em, a compreender o que se pretende,\u00a0 que \u00e9 elevar o patamar de desenvolvimento concelhio, no dom\u00ednio das Tecnologias de Informa\u00e7\u00e3o [&hellip;]<\/p>\n","protected":false},"author":1,"featured_media":0,"comment_status":"closed","ping_status":"open","sticky":false,"template":"","format":"standard","meta":{"footnotes":""},"categories":[15],"tags":[24,2,3,4,5,6,17,25,7,26,20,21,8,49,39,10,11,12,23,13,41,19,28,16],"class_list":["post-1229","post","type-post","status-publish","format-standard","hentry","category-tic-mais","tag-ambiente","tag-antonio-pinheiro-da-costa","tag-camara-municipal-de-coruche","tag-cantanhede","tag-cidadania","tag-coruche","tag-desenvolvimento-economico","tag-ecologia-e-desenvolvimento-sustentavel","tag-egov","tag-energias-renovaveis","tag-ensino","tag-formacao","tag-inclusao-digital","tag-incubadoras-de-empresas","tag-investimentos","tag-movimentos-civicos","tag-movimento-de-cidadania","tag-municipios","tag-parques-tecnologicos","tag-poder-local","tag-reprodutivos","tag-sociedade-do-conhecinentoda-informacao","tag-tecnologia","tag-ticmais"],"_links":{"self":[{"href":"https:\/\/www.ticmais.pt\/index.php?rest_route=\/wp\/v2\/posts\/1229","targetHints":{"allow":["GET"]}}],"collection":[{"href":"https:\/\/www.ticmais.pt\/index.php?rest_route=\/wp\/v2\/posts"}],"about":[{"href":"https:\/\/www.ticmais.pt\/index.php?rest_route=\/wp\/v2\/types\/post"}],"author":[{"embeddable":true,"href":"https:\/\/www.ticmais.pt\/index.php?rest_route=\/wp\/v2\/users\/1"}],"replies":[{"embeddable":true,"href":"https:\/\/www.ticmais.pt\/index.php?rest_route=%2Fwp%2Fv2%2Fcomments&post=1229"}],"version-history":[{"count":0,"href":"https:\/\/www.ticmais.pt\/index.php?rest_route=\/wp\/v2\/posts\/1229\/revisions"}],"wp:attachment":[{"href":"https:\/\/www.ticmais.pt\/index.php?rest_route=%2Fwp%2Fv2%2Fmedia&parent=1229"}],"wp:term":[{"taxonomy":"category","embeddable":true,"href":"https:\/\/www.ticmais.pt\/index.php?rest_route=%2Fwp%2Fv2%2Fcategories&post=1229"},{"taxonomy":"post_tag","embeddable":true,"href":"https:\/\/www.ticmais.pt\/index.php?rest_route=%2Fwp%2Fv2%2Ftags&post=1229"}],"curies":[{"name":"wp","href":"https:\/\/api.w.org\/{rel}","templated":true}]}}