{"id":1231,"date":"2007-01-25T06:09:04","date_gmt":"2007-01-25T06:09:04","guid":{"rendered":"http:\/\/www.ticmais.pt\/?p=1231"},"modified":"2021-05-02T21:27:38","modified_gmt":"2021-05-02T20:27:38","slug":"carta-aberta-a-camara-municipal-de-coruche","status":"publish","type":"post","link":"https:\/\/www.ticmais.pt\/?p=1231","title":{"rendered":"Carta aberta \u00e0 C\u00e2mara Municipal de Coruche"},"content":{"rendered":"<table style=\"width: 100%;\" border=\"0\" cellspacing=\"5\" cellpadding=\"5\">\n<tbody>\n<tr>\n<td valign=\"top\"><img decoding=\"async\" src=\"\/\/www.ticmais.pt\/ticmais\/imagens\/Carta_aberta__CmaraMunicipal_de_Coruche.png\" alt=\"\" \/><\/td>\n<td valign=\"top\">Em resultado do Conselho Europeu de Lisboa de 2000, a Uni\u00e3o Europeia definiu, como objectivo estrat\u00e9gico para 2010, \u00abtornar-se a economia baseada no conhecimento mais din\u00e2mica e competitiva do mundo, capaz de garantir um crescimento econ\u00f3mico sustent\u00e1vel, com mais e melhores empregos, e com maior coes\u00e3o social e respeito pelo ambiente\u00bb.<\/p>\n<div style=\"text-align: justify;\">Decorridos 6 anos, o balan\u00e7o n\u00e3o \u00e9 muito animador.<\/div>\n<\/td>\n<\/tr>\n<\/tbody>\n<\/table>\n<div><!--more--><\/div>\n<table style=\"width: 100%;\" border=\"0\" cellspacing=\"5\" cellpadding=\"5\">\n<tbody>\n<tr>\n<td valign=\"top\">\n<div style=\"text-align: justify;\"><span style=\"color: #000000;\">Nesse sentido, a Sociedade do Conhecimento\/da Informa\u00e7\u00e3o tem sido alvo da aten\u00e7\u00e3o das entidades governamentais portuguesas e respons\u00e1vel por in\u00fameras iniciativas, em que se assumem como seus principais desafios a democraticidade do seu acesso e o combate \u00e0 infoexclus\u00e3o, os quais t\u00eam no uso da Internet o seu principal eixo condutor. <\/span><\/div>\n<div style=\"text-align: justify;\"><span style=\"color: #000000;\">Estes desafios, sendo verdadeiros para o todo nacional, s\u00e3o-no sem d\u00favida para o concelho de Coruche.<\/span><\/div>\n<div><span style=\"color: #ffffff;\">.<\/span><\/div>\n<div style=\"text-align: justify;\"><span style=\"color: #000000;\">\u00c9 sobremaneira reconhecido por todos vivermos num concelho que se revela tratar-se de uma das parcelas do territ\u00f3rio nacional com maior potencial end\u00f3geno. Nele existem n\u00e3o s\u00f3 bons recursos naturais (os melhores solos do pa\u00eds para a produ\u00e7\u00e3o agr\u00edcola, abund\u00e2ncia de \u00e1gua, boas condi\u00e7\u00f5es climat\u00e9ricas, etc.) como tamb\u00e9m recursos humanos cujas capacidades s\u00e3o fundamentais para desenvolver um processo de diversifica\u00e7\u00e3o assente numa efectiva qualidade de vida.<\/span><\/div>\n<div><span style=\"color: #ffffff;\">.<\/span><\/div>\n<div style=\"text-align: justify;\"><span style=\"color: #000000;\">Mas a esta verdade contrap\u00f5e-se outra n\u00e3o menos verdadeira: trata-se dum concelho que ainda se caracteriza por ter uma reduzida sensibiliza\u00e7\u00e3o e adop\u00e7\u00e3o destas novas tecnologias, uma manifesta insufici\u00eancia de percursos escolares e sa\u00eddas profissionais nestas \u00e1reas, uma reduzida forma\u00e7\u00e3o de quadros verdadeiramente qualificados e um fraco investimento infraestrutural em novas tecnologias, quer pelo sector p\u00fablico, quer pelo sector privado.<\/span><\/div>\n<div><span style=\"color: #ffffff;\">.<\/span><\/div>\n<div style=\"text-align: justify;\"><span style=\"color: #000000;\">Urge, pois, que todos, mas todos os agentes concelhios com responsabilidades neste dom\u00ednio \u2013 aut\u00e1rquicos, educativos, sociais, econ\u00f3micos e a sociedade civil \u2013 assumam as suas responsabilidades e promovam as condi\u00e7\u00f5es para a divulga\u00e7\u00e3o e adop\u00e7\u00e3o destas novas tecnologias, de modo a potenciar as capacidades de desenvolvimento do concelho, aumentar as respectivas condi\u00e7\u00f5es de atratividade, e que, por essa via, aumentem a sua competitividade, num mundo cada vez mais global, onde a qualifica\u00e7\u00e3o das pessoas, a qualidade dos servi\u00e7os, o acesso r\u00e1pido e a gest\u00e3o da informa\u00e7\u00e3o podem marcar a diferen\u00e7a entre o sucesso e o fracasso.<\/span><\/div>\n<div><span style=\"color: #ffffff;\">.<\/span><\/div>\n<div style=\"text-align: justify;\"><span style=\"color: #000000;\">Se este futuro pode parecer ainda ut\u00f3pico para alguns, crer que o papel a desempenhar pela Administra\u00e7\u00e3o Local pode ser plenamente conseguido com os pressupostos de h\u00e1 10 anos, \u00e9 acreditar, isso sim, num verdadeiro erro. Para al\u00e9m de ser indispens\u00e1vel um investimento bastante maior (e urgente) nestas novas tecnologias, \u00e9 necess\u00e1rio um ritmo bem mais elevado de resposta \u00e0s solicita\u00e7\u00f5es das pessoas, \u00e9 preciso que a sua estrutura organizativa esteja preparada para antever o desenvolvimento econ\u00f3mico e social, com uma atitude mais pr\u00f3-activa e menos reactiva. \u00c9 preciso entregar melhor e maior valor \u00e0 sua comunidade.<\/span><\/div>\n<div><span style=\"color: #ffffff;\">.<\/span><\/div>\n<div style=\"text-align: justify;\"><span style=\"color: #000000;\">Em muitas autarquias o uso da Internet ainda se restringe, em grande parte, a uma \u201c moderniza\u00e7\u00e3o conservadora\u201d e concentrada em si mesmas, com um receio evidente de que se alterem as rela\u00e7\u00f5es de poder. S\u00e3o ainda raras as iniciativas que permitem uma efectiva interven\u00e7\u00e3o dos cidad\u00e3os na sua gest\u00e3o e \u00e9 bastante baixo o n\u00edvel de interactividade.<\/span><\/div>\n<div><span style=\"color: #ffffff;\">.<\/span><\/div>\n<div style=\"text-align: justify;\"><span style=\"color: #000000;\">Para que, no concelho, se possam atingir os objectivos da Sociedade do Conhecimento, \u00e9 necess\u00e1rio refor\u00e7ar a base tecnol\u00f3gica no concelho e difundir as novas tecnologias, de modo a promover uma comunidade mais forte e participante, estimular o tecido empresarial, a inova\u00e7\u00e3o e a cria\u00e7\u00e3o de novos empregos, fomentar o empreendedorismo, desenvolver iniciativas para a ocupa\u00e7\u00e3o dos jovens, dos desempregados e dos idosos.<\/span><\/div>\n<div><span style=\"color: #ffffff;\">.<\/span><\/div>\n<div style=\"text-align: justify;\"><span style=\"color: #000000;\">A sociedade da informa\u00e7\u00e3o caracteriza-se, precisamente, pela relativiza\u00e7\u00e3o da componente espacial, capacitando as zonas mais afastadas dos grandes centros urbanos com novas formas de acesso \u00e0 informa\u00e7\u00e3o, ao trabalho, \u00e0 educa\u00e7\u00e3o, \u00e0 sa\u00fade, etc. <\/span><span style=\"color: #800000;\"><strong>O &#8220;Movimento.e-Coruche&#8221; tem a esperan\u00e7a de que, incrementando maior ambi\u00e7\u00e3o assente numa perspectiva de desenvolvimento a curto\/m\u00e9dio prazo dum conjunto de infraestruturas, designadamente:<\/strong><\/span><\/div>\n<\/td>\n<\/tr>\n<\/tbody>\n<\/table>\n<table style=\"width: 100%;\" border=\"0\" cellspacing=\"5\" cellpadding=\"5\">\n<tbody>\n<tr>\n<td valign=\"top\"><strong>.<\/strong><\/td>\n<td valign=\"top\"><a href=\"https:\/\/www.publico.pt\/2003\/01\/13\/jornal\/rede-de-sete-parques-de-negocios-para-o-distrito-de-santarem-197172\">Concretiza\u00e7\u00e3o do Parque de Neg\u00f3cios<\/a>, dotado de modernas infraestruturas de redes digitais de comunica\u00e7\u00e3o, de energia (incluindo o g\u00e1s natural) e com a vertente de incuba\u00e7\u00e3o de empresas;<\/td>\n<\/tr>\n<\/tbody>\n<\/table>\n<table style=\"width: 100%;\" border=\"0\" cellspacing=\"5\" cellpadding=\"5\">\n<tbody>\n<tr>\n<td valign=\"top\"><strong>.<\/strong><\/td>\n<td valign=\"top\">Constru\u00e7\u00e3o do Observat\u00f3rio da Corti\u00e7a e o aproveitamento do impulso da investiga\u00e7\u00e3o a ele associada;<\/td>\n<\/tr>\n<\/tbody>\n<\/table>\n<table style=\"width: 100%;\" border=\"0\" cellspacing=\"5\" cellpadding=\"5\">\n<tbody>\n<tr>\n<td valign=\"top\"><strong>.<\/strong><\/td>\n<td valign=\"top\">Melhoria das acessibilidades ao concelho de Coruche (IC10\/IC13, A13, A6, PVGama, Ponte da Lez\u00edria), fundamentais para a regi\u00e3o, muito em particular a variante a Coruche e a correspondente nova travessia sobre o Vale do Sorraia;<\/td>\n<\/tr>\n<\/tbody>\n<\/table>\n<table style=\"width: 100%;\" border=\"0\" cellspacing=\"5\" cellpadding=\"5\">\n<tbody>\n<tr>\n<td valign=\"top\"><strong>.<\/strong><\/td>\n<td valign=\"top\">Melhoria dos n\u00edveis de Mobilidade, designadamente o relan\u00e7amento da liga\u00e7\u00e3o ferrovi\u00e1ria (com prolongamento do ramal de mercadorias que serve a DAI ao Parque de Neg\u00f3cios);<\/td>\n<\/tr>\n<\/tbody>\n<\/table>\n<table style=\"width: 100%;\" border=\"0\" cellspacing=\"5\" cellpadding=\"5\">\n<tbody>\n<tr>\n<td valign=\"top\"><strong>.<\/strong><\/td>\n<td valign=\"top\">Constru\u00e7\u00e3o, numa localiza\u00e7\u00e3o mais favor\u00e1vel ao concelho de Coruche, do futuro aeroporto;<\/td>\n<\/tr>\n<\/tbody>\n<\/table>\n<table style=\"width: 100%;\" border=\"0\" cellspacing=\"5\" cellpadding=\"5\">\n<tbody>\n<tr>\n<td valign=\"top\"><strong>.<\/strong><\/td>\n<td valign=\"top\">Constru\u00e7\u00e3o no concelho da Unidade B\u00e1sica de Sa\u00fade, prevista para a parte sul do distrito;<\/td>\n<\/tr>\n<\/tbody>\n<\/table>\n<table style=\"width: 100%;\" border=\"0\" cellspacing=\"5\" cellpadding=\"5\">\n<tbody>\n<tr>\n<td valign=\"top\"><strong>.<\/strong><\/td>\n<td valign=\"top\">O previs\u00edvel desenvolvimento do cluster das Energias Renov\u00e1veis e toda a investiga\u00e7\u00e3o e tecnologia associada, com empresas concelhias bem posicionadas no dom\u00ednio da Energia E\u00f3lica e dos Biocombust\u00edveis (<a href=\"index.php?view=article&amp;catid=14%3Aeconomia&amp;id=18%3Aempresa-de-coruche-tegael-no-consorcio-das-eolicas-e-portugal&amp;option=com_content&amp;Itemid=65\">TEGAEL<\/a> e <a href=\"index.php?view=article&amp;catid=14%3Aeconomia&amp;id=916%3Aministro-da-agricultura-diz-que-futuro-da-dai-esta-garantido-&amp;option=com_content&amp;Itemid=65\">DAI<\/a>), sem esquecer o potencial end\u00f3geno no dom\u00ednio da Biomassa Florestal e Solar.<\/td>\n<\/tr>\n<\/tbody>\n<\/table>\n<table style=\"width: 100%;\" border=\"0\" cellspacing=\"5\" cellpadding=\"5\">\n<tbody>\n<tr>\n<td valign=\"top\">Nesse patamar de desenvolvimento, n\u00e3o ser\u00e1 ut\u00f3pico pensar ter no concelho de Coruche, um P\u00f3lo Tecnol\u00f3gico (empresas com incorpora\u00e7\u00e3o de alta tecnologia, ensino profissional e polit\u00e9cnico), tamb\u00e9m justificado pelos mesmos argumentos que hoje fundamentam a cria\u00e7\u00e3o de uma Unidade B\u00e1sica de Sa\u00fade na parte sul do distrito de Santar\u00e9m relativamente ao desequil\u00edbrio que se verifica com a parte norte.<\/p>\n<div style=\"text-align: justify;\">Nesse des\u00edgnio, considerando as compet\u00eancias e \u00e1reas de interven\u00e7\u00e3o que a C\u00e2mara Municipal j\u00e1 desenvolve, as que inevitavelmente ser\u00e1 chamada a <span style=\"color: #800000;\">liderar<\/span> ou a desenvolver, em parceria ou em contrato social com outras Entidades, designadamente no \u00e2mbito:<\/div>\n<div><span style=\"color: #ffffff;\">.<\/span><\/div>\n<ul>\n<li>da Sociedade do Conhecimento;<\/li>\n<li>do Plano Tecnol\u00f3gico;<\/li>\n<li>do Programa de Moderniza\u00e7\u00e3o da Administra\u00e7\u00e3o P\u00fablica;<\/li>\n<li>do Simplex (Programa de Simplifica\u00e7\u00e3o Administrativa;<\/li>\n<li>do Programa das Cidades e Regi\u00f5es Digitais;<\/li>\n<li>do QREN 2007-2013 (Quadro de Refer\u00eancia Estrat\u00e9gico Nacional);<\/li>\n<li>do eEurope (uma sociedade de informa\u00e7\u00e3o para todos);<\/li>\n<li>do e-Governo (Governo Electr\u00f3nico);<\/li>\n<li>do PEPAL (Programa de Est\u00e1gios Profissionais na Administra\u00e7\u00e3o Local;<\/li>\n<li>da Forma\u00e7\u00e3o de Adultos;<\/li>\n<li>do Combate \u00e0 Info-exclus\u00e3o;<\/li>\n<li>do Programa Escolhas;<\/li>\n<li>do Programa Novas Oportunidades;<\/li>\n<li>dos Sistemas de Informa\u00e7\u00e3o Geogr\u00e1fica;<\/li>\n<li>do Programa Internet Gest\u00e3o Urbana e Cidadania; etc.,<\/li>\n<\/ul>\n<p style=\"text-align: justify;\"><span style=\"color: #ffffff;\">.<\/span>venho, por este meio \u2013 plenamente consciente da dimens\u00e3o dos desafios que se colocam e das condi\u00e7\u00f5es objectivas que existem no concelho para os enfrentar com sucesso \u2013, solicitar \u00e0 C\u00e2mara M.unicipal o desenvolvimento das medidas necess\u00e1rias para dar resposta, de forma eficiente e c\u00e9lere, a estes novos desafios, de modo a impedir o nosso atraso relativamente \u00e0 fronteira tecnol\u00f3gica doutros concelhos e dos pa\u00edses mais avan\u00e7ados<\/p>\n<div><span style=\"color: #ffffff;\">.<\/span><\/div>\n<div><strong><span style=\"color: #800000;\">URGE ASSIM DINAMIZAR<\/span><\/strong><\/div>\n<div><span style=\"color: #ffffff;\">.<\/span><\/div>\n<ul>\n<li style=\"text-align: justify;\">a instala\u00e7\u00e3o de novas infraestruturas (ex. parque de neg\u00f3cios, observat\u00f3rio da da corti\u00e7a, redes de fibra \u00f3ptica e sem fios, intanets, acessos de cidadania\/hot-spots,etc.);<\/li>\n<li style=\"text-align: justify;\">a cria\u00e7\u00e3o de novos cursos escolares no \u00e3mbito da SOCIEDADE DO CONHECIMENTO (h\u00e1 que &#8220;AGITAR&#8221; os respons\u00e1veis escolares); ac\u00e7\u00f5es de forma\u00e7\u00e3o profissional (h\u00e1 C\u00e2maras que j\u00e1 se envolveram em parcerias com IEFP);<\/li>\n<li style=\"text-align: justify;\">novas sa\u00eddas profissionais e ocupa\u00e7\u00e3o de tempos livres (candidaturas aos programas de est\u00e1gios, protocolos) ;<\/li>\n<li style=\"text-align: justify;\">politicas efectivas de coes\u00e3o social (candidaturas aos programas em curso).<\/li>\n<\/ul>\n<div style=\"text-align: justify; padding-left: 30px;\"><span style=\"color: #ffffff;\">..<\/span><\/div>\n<div><strong><span style=\"color: #800000;\"><span style=\"color: #000000;\">NOTA:<\/span><br \/>\nTAMB\u00c9M OS AUTARCAS TER\u00c3O DE ESTAR \u00c0 ALTURA DESTE ENORME DESAFIO!<\/span><\/strong><\/div>\n<div><span style=\"color: #ffffff;\">.<\/span><\/div>\n<div style=\"text-align: justify;\">Coruche, 06 de Dezembro de 2006<\/div>\n<\/td>\n<\/tr>\n<tr>\n<td><img decoding=\"async\" src=\"\/\/www.ticmais.pt\/ticmais\/imagens\/Coruche,Antonio Pinheiro da Costa,TicMAIS,Cantanhede,Cidadania, Movimento.png\" alt=\"\" \/><\/td>\n<\/tr>\n<tr>\n<td><img decoding=\"async\" src=\"\/\/www.ticmais.pt\/ticmais\/imagens\/Movimento de Cidada,Antonio Pinheiro da Costa,ticMAIS,,Cantanhede,Coruche,Sociedade do Conhecimento,Tecnologia, Inclusao Digital,Ambiente,Energias Renovaveis,Poder Local,Municipios,Egovernment, Movimento Civico,TIC.jpg\" alt=\"\" \/><\/td>\n<\/tr>\n<tr>\n<td><a href=\"https:\/\/www.ticmais.pt\/\"><span style=\"color: #800000;\"><img decoding=\"async\" src=\"\/\/www.ticmais.pt\/ticmais\/imagens\/Coruche, TicMAIS, Antonio Pinheiro da Costa, Movimento de Cidadania, Cantanhede.png\" alt=\"\" \/><\/span><\/a><\/td>\n<\/tr>\n<\/tbody>\n<\/table>\n","protected":false},"excerpt":{"rendered":"<p>Em resultado do Conselho Europeu de Lisboa de 2000, a Uni\u00e3o Europeia definiu, como objectivo estrat\u00e9gico para 2010, \u00abtornar-se a economia baseada no conhecimento mais din\u00e2mica e competitiva do mundo, capaz de garantir um crescimento econ\u00f3mico sustent\u00e1vel, com mais e melhores empregos, e com maior coes\u00e3o social e respeito pelo ambiente\u00bb. Decorridos 6 anos, o [&hellip;]<\/p>\n","protected":false},"author":1,"featured_media":0,"comment_status":"closed","ping_status":"open","sticky":false,"template":"","format":"standard","meta":{"footnotes":""},"categories":[15],"tags":[2,3,4,5,6,17,7,8,10,11,12,13,19,28,16],"class_list":["post-1231","post","type-post","status-publish","format-standard","hentry","category-tic-mais","tag-antonio-pinheiro-da-costa","tag-camara-municipal-de-coruche","tag-cantanhede","tag-cidadania","tag-coruche","tag-desenvolvimento-economico","tag-egov","tag-inclusao-digital","tag-movimentos-civicos","tag-movimento-de-cidadania","tag-municipios","tag-poder-local","tag-sociedade-do-conhecinentoda-informacao","tag-tecnologia","tag-ticmais"],"_links":{"self":[{"href":"https:\/\/www.ticmais.pt\/index.php?rest_route=\/wp\/v2\/posts\/1231","targetHints":{"allow":["GET"]}}],"collection":[{"href":"https:\/\/www.ticmais.pt\/index.php?rest_route=\/wp\/v2\/posts"}],"about":[{"href":"https:\/\/www.ticmais.pt\/index.php?rest_route=\/wp\/v2\/types\/post"}],"author":[{"embeddable":true,"href":"https:\/\/www.ticmais.pt\/index.php?rest_route=\/wp\/v2\/users\/1"}],"replies":[{"embeddable":true,"href":"https:\/\/www.ticmais.pt\/index.php?rest_route=%2Fwp%2Fv2%2Fcomments&post=1231"}],"version-history":[{"count":0,"href":"https:\/\/www.ticmais.pt\/index.php?rest_route=\/wp\/v2\/posts\/1231\/revisions"}],"wp:attachment":[{"href":"https:\/\/www.ticmais.pt\/index.php?rest_route=%2Fwp%2Fv2%2Fmedia&parent=1231"}],"wp:term":[{"taxonomy":"category","embeddable":true,"href":"https:\/\/www.ticmais.pt\/index.php?rest_route=%2Fwp%2Fv2%2Fcategories&post=1231"},{"taxonomy":"post_tag","embeddable":true,"href":"https:\/\/www.ticmais.pt\/index.php?rest_route=%2Fwp%2Fv2%2Ftags&post=1231"}],"curies":[{"name":"wp","href":"https:\/\/api.w.org\/{rel}","templated":true}]}}