{"id":1233,"date":"2007-09-17T12:15:39","date_gmt":"2007-09-17T12:15:39","guid":{"rendered":"http:\/\/www.ticmais.pt\/?p=1233"},"modified":"2020-02-24T02:27:02","modified_gmt":"2020-02-24T01:27:02","slug":"por-uma-maior-aposta-na-sociedade-do-conhecimento","status":"publish","type":"post","link":"https:\/\/www.ticmais.pt\/?p=1233","title":{"rendered":"Por uma maior aposta na Sociedade do Conhecimento"},"content":{"rendered":"<table style=\"width: 100%;\" border=\"0\" cellspacing=\"5\" cellpadding=\"5\">\n<tbody>\n<tr>\n<td valign=\"top\"><img loading=\"lazy\" decoding=\"async\" src=\"\/\/www.ticmais.pt\/ticmais\/imagens\/por-uma-maior-aposta-na-sociedade-do-conhecimento.jpg\" alt=\"\" width=\"160\" height=\"151\" border=\"0\" \/><\/td>\n<td style=\"text-align: justify;\" valign=\"top\"><span style=\"color: #000000;\"><span style=\"color: #333333;\"><em><span style=\"color: #000000;\">&#8220;No caso das tecnologias de informa\u00e7\u00e3o e comunica\u00e7\u00e3o, n\u00e3o basta dar o peixe e at\u00e9 dar a cana de pesca, \u00e9 preciso que os potenciais pescadores saibam como e quando usar a cana de pesca&#8221;.<\/span><\/em><\/span><\/span><\/p>\n<p><span style=\"color: #000000;\"><span style=\"color: #333333;\"><em><span style=\"color: #000000;\"><a href=\"http:\/\/www.ticmais.pt\/?p=1234\"><img decoding=\"async\" src=\"\/\/www.ticmais.pt\/ticmais\/imagens\/ticmaislogomini.png\" alt=\"\" \/><\/a>\u00a0<\/span><\/em><\/span><\/span><\/td>\n<\/tr>\n<\/tbody>\n<\/table>\n<div><!--more--><\/div>\n<table style=\"width: 100%;\" border=\"0\" cellspacing=\"5\" cellpadding=\"5\">\n<tbody>\n<tr>\n<td style=\"text-align: justify;\" valign=\"top\">O &#8220;ticMAIS&#8221; defende convictamente uma maior aposta na Sociedade do Conhecimento. Da nossa parte tudo faremos para n\u00e3o nos deixar cegar por poeiras medi\u00e1ticas, pois sabemos bem que h\u00e1 mais vida para al\u00e9m das TIC.O desenvolvimento da Sociedade da Informa\u00e7\u00e3o cria hoje condi\u00e7\u00f5es de interelacionamento e desenvolvimento das diferentes \u00e1reas do saber.<\/p>\n<div style=\"text-align: justify;\">Procuraremos que o combate \u00e0 exclus\u00e3o digital seja assumido como uma pol\u00edtica p\u00fablica de promo\u00e7\u00e3o da inclus\u00e3o social. N\u00e3o ser\u00e1 suficiente massificar o acesso \u00e0s tecnologias. Esta \u00e9 uma condi\u00e7\u00e3o necess\u00e1ria mas incompleta. \u00c9 necess\u00e1rio construir uma consci\u00eancia colectiva de uso das tecnologias, \u00e9 fundamental para todos os cidad\u00e3os ter acesso \u00e0 informa\u00e7\u00e3o, saber conviver com ela, saber consumi-la e utilizar os instrumentos e meios a ela ligados.<\/div>\n<div style=\"text-align: justify;\">A inclus\u00e3o digital s\u00f3 ser\u00e1 verdadeiramente conseguida no momento que a generalidade das pessoas compreenda que o computador \u00e9 um meio de acesso \u00e0 educa\u00e7\u00e3o, ao trabalho, ao contacto e inter-relacionamento com a sua comunidade, ao esp\u00edrito cr\u00edtico e ao exerc\u00edcio pleno da sua cidadania.<\/div>\n<div style=\"text-align: justify;\">Uma pol\u00edtica de infoinclus\u00e3o deve ter como um dos seus objectivos formar pessoas preparadas para a cidadania activa tamb\u00e9m na Internet, capacitados para serem actores, produtores de conte\u00fado local (como o Movimento E-Coruche e outros j\u00e1 o est\u00e3o a fazer) e n\u00e3o apenas consumidores de informa\u00e7\u00e3o produzidas por outras inst\u00e2ncias de conhecimento e poder.<\/div>\n<\/td>\n<\/tr>\n<tr>\n<td><img decoding=\"async\" src=\"\/\/www.ticmais.pt\/ticmais\/imagens\/Coruche,Antonio Pinheiro da Costa,TicMAIS,Cantanhede,Cidadania, Movimento.png\" alt=\"\" \/><\/td>\n<\/tr>\n<tr>\n<td><a href=\"https:\/\/www.ticmais.pt\/\"><span style=\"color: #800000;\"><img decoding=\"async\" src=\"\/\/www.ticmais.pt\/ticmais\/imagens\/Coruche, TicMAIS, Antonio Pinheiro da Costa, Movimento de Cidadania, Cantanhede.png\" alt=\"\" \/><\/span><\/a><\/td>\n<\/tr>\n<\/tbody>\n<\/table>\n","protected":false},"excerpt":{"rendered":"<p>&#8220;No caso das tecnologias de informa\u00e7\u00e3o e comunica\u00e7\u00e3o, n\u00e3o basta dar o peixe e at\u00e9 dar a cana de pesca, \u00e9 preciso que os potenciais pescadores saibam como e quando usar a cana de pesca&#8221;. \u00a0<\/p>\n","protected":false},"author":1,"featured_media":0,"comment_status":"closed","ping_status":"open","sticky":false,"template":"","format":"standard","meta":{"footnotes":""},"categories":[15],"tags":[2,5,6,7,8,10,11,19,16],"class_list":["post-1233","post","type-post","status-publish","format-standard","hentry","category-tic-mais","tag-antonio-pinheiro-da-costa","tag-cidadania","tag-coruche","tag-egov","tag-inclusao-digital","tag-movimentos-civicos","tag-movimento-de-cidadania","tag-sociedade-do-conhecinentoda-informacao","tag-ticmais"],"_links":{"self":[{"href":"https:\/\/www.ticmais.pt\/index.php?rest_route=\/wp\/v2\/posts\/1233","targetHints":{"allow":["GET"]}}],"collection":[{"href":"https:\/\/www.ticmais.pt\/index.php?rest_route=\/wp\/v2\/posts"}],"about":[{"href":"https:\/\/www.ticmais.pt\/index.php?rest_route=\/wp\/v2\/types\/post"}],"author":[{"embeddable":true,"href":"https:\/\/www.ticmais.pt\/index.php?rest_route=\/wp\/v2\/users\/1"}],"replies":[{"embeddable":true,"href":"https:\/\/www.ticmais.pt\/index.php?rest_route=%2Fwp%2Fv2%2Fcomments&post=1233"}],"version-history":[{"count":0,"href":"https:\/\/www.ticmais.pt\/index.php?rest_route=\/wp\/v2\/posts\/1233\/revisions"}],"wp:attachment":[{"href":"https:\/\/www.ticmais.pt\/index.php?rest_route=%2Fwp%2Fv2%2Fmedia&parent=1233"}],"wp:term":[{"taxonomy":"category","embeddable":true,"href":"https:\/\/www.ticmais.pt\/index.php?rest_route=%2Fwp%2Fv2%2Fcategories&post=1233"},{"taxonomy":"post_tag","embeddable":true,"href":"https:\/\/www.ticmais.pt\/index.php?rest_route=%2Fwp%2Fv2%2Ftags&post=1233"}],"curies":[{"name":"wp","href":"https:\/\/api.w.org\/{rel}","templated":true}]}}