{"id":1234,"date":"2007-10-28T17:22:11","date_gmt":"2007-10-28T17:22:11","guid":{"rendered":"http:\/\/www.ticmais.pt\/?p=1234"},"modified":"2021-04-29T16:46:29","modified_gmt":"2021-04-29T15:46:29","slug":"ticmais-a-sociedade-do-conhecimento-e-os-movimentos-de-cidadania","status":"publish","type":"post","link":"https:\/\/www.ticmais.pt\/?p=1234","title":{"rendered":"ticMAIS &#8211; a sociedade do conhecimento e os movimentos de cidadania"},"content":{"rendered":"<table style=\"width: 100%;\" border=\"0\" cellspacing=\"5\" cellpadding=\"5\">\n<tbody>\n<tr>\n<td valign=\"top\">\n<div><img decoding=\"async\" src=\"\/\/www.ticmais.pt\/ticmais\/imagens\/ticmais-a-sociedade-do-conhecimento-e-os-movimentos-de-cidadania.jpg\" alt=\"\" border=\"0\" \/><\/div>\n<\/td>\n<td style=\"text-align: justify;\" valign=\"top\">O <strong>ticMAIS &#8211; <\/strong>Movimento de Cidadania E-Coruche &#8211; demonstra bem o papel que os movimentos c\u00edvicos podem desempenhar no desenvolvimento da Sociedade do Conhecimento. Para responder \u00e0 fraca din\u00e2mica das TIC na sua regi\u00e3o, um grupo de cidad\u00e3os do concelho de Coruche decidiu &#8220;arrega\u00e7ar as mangas&#8221; e avan\u00e7ar com um movimento em prol da valoriza\u00e7\u00e3o do Sociedade do Conhecimento no concelho.<\/p>\n<p><a href=\"http:\/\/www.ticmais.pt\/?p=1234\"><img decoding=\"async\" src=\"\/\/www.ticmais.pt\/ticmais\/imagens\/ticmaislogomini.png\" alt=\"\" \/><\/a><\/td>\n<\/tr>\n<\/tbody>\n<\/table>\n<div><!--more--><\/div>\n<table style=\"width: 100%;\" border=\"0\" cellspacing=\"5\" cellpadding=\"5\" align=\"justify\">\n<tbody>\n<tr>\n<td style=\"text-align: justify;\" valign=\"top\">Em consequ\u00eancia desses objectivos e por constatarmos que, no concelho de Coruche, ainda estamos muito longe de contribuir para os atingir, dado que aida temos uma reduzida sensibiliza\u00e7\u00e3o e adop\u00e7\u00e3o de TIC (Tecnologias de Informa\u00e7\u00e3o e Comunica\u00e7\u00e3o), insufici\u00eancia de percursos escolares e sa\u00eddas profissionais nestas \u00e1reas, reduzida forma\u00e7\u00e3o de quadros verdadeiramente qualificados, bem como um fraco investimento ao n\u00edvel de infra-estruturas nestas tecnologias, quer pelo sector p\u00fablico, quer pelo sector privado, um grupo de cidad\u00e3os do concelho de Coruche, consciente desta realidade e do muito que \u00e9 preciso fazer, decidiu avan\u00e7ar com o Movimento de Cidadania \u201cMovimento.e-Coruche\u201d.<\/p>\n<div style=\"text-align: justify;\">\u00c9 seu objectivo constituir-se como associa\u00e7\u00e3o sem fins lucrativos, de car\u00e1cter c\u00edvico, e pretendem, por essa via, participar na valoriza\u00e7\u00e3o do concelho no \u00e2mbito da Sociedade do Conhecimento\/da Informa\u00e7\u00e3o e do Ambiente (aqui com especial destaque para a promo\u00e7\u00e3o e utiliza\u00e7\u00e3o de novas tecnologias com impacto ben\u00e9fico para o ambiente).<\/div>\n<div style=\"text-align: justify;\">Esta participa\u00e7\u00e3o c\u00edvica apoiar-se-\u00e1, em grande medida, em modos de comunica\u00e7\u00e3o em rede e no seu website e, com um forte recurso \u00e0s Tecnologias de Informa\u00e7\u00e3o e Comunica\u00e7\u00e3o, ser\u00e1, acreditamos, pelas potencialidades que estas acrescentam, o meio de funcionamento associativo mais adequado, gerador de melhores resultados ao n\u00edvel da interac\u00e7\u00e3o entre os seus membros e do n\u00famero de associados que poder\u00e1 mobilizar e manter activos. Permitir\u00e1 ainda, estamos certos, uma melhor articula\u00e7\u00e3o entre os seus membros e a comunidade que pretende ajudar.<\/div>\n<div><span style=\"color: #ffffff;\">.<\/span><\/div>\n<div style=\"text-align: justify;\">Resultado evidente disso mesmo \u00e9 j\u00e1 a din\u00e2mica e a projec\u00e7\u00e3o que o seu site, ainda rec\u00e9m-nascido, j\u00e1 gerou em t\u00e3o curto espa\u00e7o de tempo. \u00c9 hoje perfeitamente evidente que grande parte da produtividade das TIC resulta do acesso a recursos em rede, do com\u00e9rcio electr\u00f3nico e do fornecimento de servi\u00e7os p\u00fablicos on-line.<\/div>\n<div><span style=\"color: #ffffff;\">.<\/span><\/div>\n<div style=\"text-align: justify;\">Se analisarmos o que se passa ao n\u00edvel do e-Government Local, verificamos que o uso da Internet em muitas autarquias ainda se restringe, em grande parte, a uma \u201cmoderniza\u00e7\u00e3o conservadora\u201d e muitas das medidas j\u00e1 tomadas ainda s\u00e3o direccionadas para o seu funcionamento interno, n\u00e3o abertas \u00e0 comunidade, com um receio evidente de que se alterem as rela\u00e7\u00f5es de poder. S\u00e3o ainda bastante incipientes as iniciativas que permitem uma efectiva interven\u00e7\u00e3o dos cidad\u00e3os na sua gest\u00e3o e \u00e9 bastante baixo o n\u00edvel de interactividade.<\/div>\n<div><span style=\"color: #ffffff;\">.<\/span><\/div>\n<div style=\"text-align: justify;\">H\u00e1 muitas autarquias que j\u00e1 disponibilizam informa\u00e7\u00e3o (nem sempre actual) e permitem descarregar formul\u00e1rios dos servi\u00e7os via Internet, mas os cidad\u00e3os acabam por ter de se dirigir fisicamente aos servi\u00e7os para finalizar os assuntos e n\u00e3o \u00e9 poss\u00edvel interagir com os seus respons\u00e1veis. Conv\u00e9m referir que dispor de formul\u00e1rios \u00e9 das coisas mais simples que existem on-line. As TIC est\u00e3o a assumir-se cada vez mais como um ve\u00edculo privilegiado para a promo\u00e7\u00e3o e a participa\u00e7\u00e3o efectiva das comunidades locais na discuss\u00e3o e reflex\u00e3o dos assuntos sociais da sua regi\u00e3o. Estamos, de facto, perante uma nova realidade, a possibilidade de, com a sua ajuda, as pessoas, os movimentos c\u00edvicos, no fundo as comunidades em geral poderem abrir um novo canal de reflex\u00e3o e ac\u00e7\u00e3o, voltados para os problemas sociais em que convivem (e mesmo a uma escala mais global) e que n\u00e3o mais s\u00e3o resolvidos com efectividade pelo diversos poderes.<\/div>\n<div><span style=\"color: #ffffff;\">.<\/span><\/div>\n<div style=\"text-align: justify;\">O n\u00edvel de exig\u00eancia dos cidad\u00e3os reclama, pois, uma resposta mais eficiente e c\u00e9lere, apenas poss\u00edvel com o recurso \u00e0s mais recentes tecnologias. Hoje, o desafio da Administra\u00e7\u00e3o Local coloca-se, assim, a tr\u00eas n\u00edveis:<\/div>\n<\/td>\n<\/tr>\n<\/tbody>\n<\/table>\n<table style=\"width: 100%;\" border=\"0\" cellspacing=\"5\" cellpadding=\"5\" align=\"justify\">\n<tbody>\n<tr>\n<td style=\"width: 10px;\" valign=\"top\"><strong>.<\/strong><\/td>\n<td style=\"text-align: justify;\" valign=\"top\">Por um lado, a optimiza\u00e7\u00e3o dos processos, ferramentas e compet\u00eancias dos seus funcion\u00e1rios, que permitam uma optimiza\u00e7\u00e3o dos recursos e uma maior efici\u00eancia dos servi\u00e7os;<\/td>\n<\/tr>\n<\/tbody>\n<\/table>\n<table style=\"width: 100%;\" border=\"0\" cellspacing=\"5\" cellpadding=\"5\" align=\"justify\">\n<tbody>\n<tr>\n<td style=\"width: 10px;\" valign=\"top\"><strong>.<\/strong><\/td>\n<td style=\"text-align: justify;\" valign=\"top\">Por outro lado, a utiliza\u00e7\u00e3o de novas tecnologias que facilitem, estimulem o contacto do cidad\u00e3o e permitam a todos e a cada um gerir melhor o seu pr\u00f3prio tempo;<\/td>\n<\/tr>\n<\/tbody>\n<\/table>\n<table style=\"width: 100%;\" border=\"0\" cellspacing=\"5\" cellpadding=\"5\" align=\"justify\">\n<tbody>\n<tr>\n<td style=\"width: 10px;\" valign=\"top\"><strong>.<\/strong><\/td>\n<td valign=\"top\">Por outro lado ainda, na ajuda em parceria (com todos que tenham responsabilidades no combate \u00e0 info-exclus\u00e3o), no processo de forma\u00e7\u00e3o e qualifica\u00e7\u00e3o da sua comunidade em geral.<\/td>\n<\/tr>\n<\/tbody>\n<\/table>\n<table style=\"width: 100%;\" border=\"0\" cellspacing=\"5\" cellpadding=\"5\" align=\"justify\">\n<tbody>\n<tr>\n<td style=\"text-align: justify;\" valign=\"top\">As autarquias modernas devem, pois, fomentar o contacto com as pessoas, disponibilizar servi\u00e7os de alta qualidade e demonstrar vis\u00e3o e lideran\u00e7a \u00e0s comunidades locais. A sociedade civil, por outro lado, pode e deve agir de forma mais efectiva e, atrav\u00e9s deste tipo de \u201cdemocracia electr\u00f3nica\u201d, como o nosso Movimento o est\u00e1 a fazer, certamente promover\u00e1 uma mudan\u00e7a na comunidade e transformar\u00e1 os cidad\u00e3os locais em actores sociais mais qualificados, mais fortes e participantes.<\/p>\n<div><span style=\"text-decoration: underline;\"><span style=\"color: #0066cc;\">Not\u00edcia inicial publicada no site&#8221;i-GOV&#8221; de 2007-01-31<\/span><\/span><\/div>\n<\/td>\n<\/tr>\n<tr>\n<td><img decoding=\"async\" src=\"\/\/www.ticmais.pt\/ticmais\/imagens\/Coruche,Antonio Pinheiro da Costa,TicMAIS,Cantanhede,Cidadania, Movimento.png\" alt=\"\" \/><\/td>\n<\/tr>\n<tr>\n<td>\u00a0<img decoding=\"async\" src=\"\/\/www.ticmais.pt\/ticmais\/imagens\/Movimento de Cidada,Antonio Pinheiro da Costa,ticMAIS,,Cantanhede,Coruche,Sociedade do Conhecimento,Tecnologia, Inclusao Digital,Ambiente,Energias Renovaveis,Poder Local,Municipios,Egovernment, Movimento Civico,TIC.jpg\" alt=\"\" \/><\/td>\n<\/tr>\n<tr>\n<td>\n<div>\u00a0<a href=\"https:\/\/www.ticmais.pt\/\"><img decoding=\"async\" src=\"\/\/www.ticmais.pt\/ticmais\/imagens\/Coruche, TicMAIS, Antonio Pinheiro da Costa, Movimento de Cidadania, Cantanhede.png\" alt=\"\" \/><\/a><\/div>\n<\/td>\n<\/tr>\n<\/tbody>\n<\/table>\n","protected":false},"excerpt":{"rendered":"<p>O ticMAIS &#8211; Movimento de Cidadania E-Coruche &#8211; demonstra bem o papel que os movimentos c\u00edvicos podem desempenhar no desenvolvimento da Sociedade do Conhecimento. Para responder \u00e0 fraca din\u00e2mica das TIC na sua regi\u00e3o, um grupo de cidad\u00e3os do concelho de Coruche decidiu &#8220;arrega\u00e7ar as mangas&#8221; e avan\u00e7ar com um movimento em prol da valoriza\u00e7\u00e3o [&hellip;]<\/p>\n","protected":false},"author":1,"featured_media":0,"comment_status":"closed","ping_status":"open","sticky":false,"template":"","format":"standard","meta":{"footnotes":""},"categories":[15],"tags":[2,3,5,6,25,7,26,8,22,34,10,11,12,13,19,28,16],"class_list":["post-1234","post","type-post","status-publish","format-standard","hentry","category-tic-mais","tag-antonio-pinheiro-da-costa","tag-camara-municipal-de-coruche","tag-cidadania","tag-coruche","tag-ecologia-e-desenvolvimento-sustentavel","tag-egov","tag-energias-renovaveis","tag-inclusao-digital","tag-inovacao","tag-internet","tag-movimentos-civicos","tag-movimento-de-cidadania","tag-municipios","tag-poder-local","tag-sociedade-do-conhecinentoda-informacao","tag-tecnologia","tag-ticmais"],"_links":{"self":[{"href":"https:\/\/www.ticmais.pt\/index.php?rest_route=\/wp\/v2\/posts\/1234","targetHints":{"allow":["GET"]}}],"collection":[{"href":"https:\/\/www.ticmais.pt\/index.php?rest_route=\/wp\/v2\/posts"}],"about":[{"href":"https:\/\/www.ticmais.pt\/index.php?rest_route=\/wp\/v2\/types\/post"}],"author":[{"embeddable":true,"href":"https:\/\/www.ticmais.pt\/index.php?rest_route=\/wp\/v2\/users\/1"}],"replies":[{"embeddable":true,"href":"https:\/\/www.ticmais.pt\/index.php?rest_route=%2Fwp%2Fv2%2Fcomments&post=1234"}],"version-history":[{"count":0,"href":"https:\/\/www.ticmais.pt\/index.php?rest_route=\/wp\/v2\/posts\/1234\/revisions"}],"wp:attachment":[{"href":"https:\/\/www.ticmais.pt\/index.php?rest_route=%2Fwp%2Fv2%2Fmedia&parent=1234"}],"wp:term":[{"taxonomy":"category","embeddable":true,"href":"https:\/\/www.ticmais.pt\/index.php?rest_route=%2Fwp%2Fv2%2Fcategories&post=1234"},{"taxonomy":"post_tag","embeddable":true,"href":"https:\/\/www.ticmais.pt\/index.php?rest_route=%2Fwp%2Fv2%2Ftags&post=1234"}],"curies":[{"name":"wp","href":"https:\/\/api.w.org\/{rel}","templated":true}]}}