{"id":1235,"date":"2007-12-30T12:27:43","date_gmt":"2007-12-30T12:27:43","guid":{"rendered":"http:\/\/www.ticmais.pt\/?p=1235"},"modified":"2016-07-08T10:18:32","modified_gmt":"2016-07-08T10:18:32","slug":"ticmais-e-noticia-no-jornal-o-mirante","status":"publish","type":"post","link":"https:\/\/www.ticmais.pt\/?p=1235","title":{"rendered":"ticMAIS \u00e9 not\u00edcia no Jornal &#8221; O Mirante&#8221;!"},"content":{"rendered":"<table style=\"width: 100%;\" border=\"0\" cellspacing=\"5\" cellpadding=\"5\">\n<tbody>\n<tr>\n<td valign=\"top\" width=\"160\"><img decoding=\"async\" src=\"\/\/www.ticmais.pt\/ticmais\/imagens\/ticmais-e-noticia-mirante.jpg\" alt=\"\" \/><\/td>\n<td valign=\"top\">\n<div style=\"text-align: justify;\">No Jornal \u201c<strong><a href=\"http:\/\/www.omirante.pt\/\" target=\"_blank\">O Mirante<\/a><\/strong>\u201d, na Sec\u00e7\u00e3o &#8220;<strong><a href=\"http:\/\/semanal.omirante.pt\/index.asp?idEdicao=319&amp;id=40050&amp;idSeccao=4622&amp;Action=noticia\" target=\"_blank\">Cavaleiro Andante<\/a><\/strong>&#8220;, foi publicada a seguinte not\u00edcia:<\/div>\n<div style=\"text-align: justify;\"><\/div>\n<div style=\"text-align: justify;\"><strong><span style=\"color: #800000;\">\u201c<\/span>Mais um pinheiro sacrificado<span style=\"color: #800000;\">\u201c<\/span><\/strong><br \/>\n<span style=\"color: #800000;\">O respons\u00e1vel do <strong>ticMAIS<\/strong> \u2013 Movimento de Cidadania E-Coruche foi \u00e0 \u00faltima reuni\u00e3o da C\u00e2mara de Coruche pedir mais empenho da autarquia na disponibiliza\u00e7\u00e3o online de dados e documentos essenciais do munic\u00edpio. Mas Ant\u00f3nio Pinheiro da Costa borrou a pintura no final da interven\u00e7\u00e3o ao entregar a vereadores, comunica\u00e7\u00e3o social e a um elemento do p\u00fablico a interven\u00e7\u00e3o que leu.<\/span><\/div>\n<div style=\"text-align: justify;\"><\/div>\n<div style=\"text-align: justify;\"><a href=\"http:\/\/www.ticmais.pt\/?p=1234\"><img decoding=\"async\" src=\"\/\/www.ticmais.pt\/ticmais\/imagens\/ticmaislogomini.png\" alt=\"\" \/><\/a><\/div>\n<\/td>\n<\/tr>\n<\/tbody>\n<\/table>\n<div><!--more--><\/div>\n<table style=\"width: 100%;\" border=\"0\" cellspacing=\"5\" cellpadding=\"5\" align=\"justify\">\n<tbody>\n<tr>\n<td valign=\"top\"><span style=\"color: #800000;\">Quatro p\u00e1ginas impressas agrafadas, com cor e tudo. O que multiplicado por 11 d\u00e1 44 folhas A4. Ser\u00e1 que o Movimento E-Coruche j\u00e1 ouviu falar de uma coisa chamada e-mail?<strong>\u201d<\/strong><\/span><\/p>\n<p><strong>A cr\u00edtica seria pertinente se a realidade e a inclus\u00e3o digital fosse outra!<\/strong><\/p>\n<div><span style=\"color: #800000;\">O CAVALEIRO ANDANTE SABIA \u2026<\/span><\/div>\n<\/td>\n<\/tr>\n<\/tbody>\n<\/table>\n<table style=\"width: 100%;\" border=\"0\" cellspacing=\"5\" cellpadding=\"5\" align=\"justify\">\n<tbody>\n<tr>\n<td valign=\"top\">\u2022<\/td>\n<td style=\"text-align: justify;\" valign=\"top\">\u2026que, logo ap\u00f3s a Assembleia Municipal da v\u00e9spera, ou seja 13 horas antes da Comunica\u00e7\u00e3o Social presente na reuni\u00e3o de C\u00e2mara ter recebido o documento em formato papel, foram enviados 36 e-mails, praticamente a toda a comunica\u00e7\u00e3o social nacional, incluindo \u201cO Mirante\u201d (\u00e0s 2:53 da madrugada) com igual teor (no tal formato que parece desconhecemos)?<\/td>\n<\/tr>\n<\/tbody>\n<\/table>\n<table style=\"width: 100%;\" border=\"0\" cellspacing=\"5\" cellpadding=\"5\" align=\"justify\">\n<tbody>\n<tr>\n<td valign=\"top\">\u2022<\/td>\n<td style=\"text-align: justify;\" valign=\"top\">\u2026que um documento, para fazer parte integrante da acta (e assim de acesso p\u00fablico), tem de ser lido e entregue na reuni\u00e3o de C\u00e2mara?<\/td>\n<\/tr>\n<\/tbody>\n<\/table>\n<table style=\"width: 100%;\" border=\"0\" cellspacing=\"5\" cellpadding=\"5\" align=\"justify\">\n<tbody>\n<tr>\n<td valign=\"top\">\u2022<\/td>\n<td style=\"text-align: justify;\" valign=\"top\">\u2026que o \u201cticMAIS\u201d utiliza preferencialmente o e-mail como ferramenta de comunica\u00e7\u00e3o \u2013 que o diga a comunica\u00e7\u00e3o social (nomeadamente \u201cO Mirante\u201d) e os nossos Membros registados \u2013, facto comprovado pelo n\u00famero de e-mails que recebem da nossa parte?<\/td>\n<\/tr>\n<\/tbody>\n<\/table>\n<table style=\"width: 100%;\" border=\"0\" cellspacing=\"5\" cellpadding=\"5\" align=\"justify\">\n<tbody>\n<tr>\n<td valign=\"top\">\u2022<\/td>\n<td style=\"text-align: justify;\" valign=\"top\">\u2026que n\u00e3o o fazemos unicamente por essa via porque test\u00e1mos alguns organismos p\u00fablicos com o envio de e-mails e, uma semana depois, os mesmos ainda n\u00e3o eram do conhecimento dos seus destinat\u00e1rios?<\/td>\n<\/tr>\n<\/tbody>\n<\/table>\n<table style=\"width: 100%;\" border=\"0\" cellspacing=\"5\" cellpadding=\"5\" align=\"justify\">\n<tbody>\n<tr>\n<td valign=\"top\">\u2022<\/td>\n<td style=\"text-align: justify;\" valign=\"top\">\u2026que actualmente comunicamos (vejam s\u00f3 o desperd\u00edcio) atrav\u00e9s do nosso site, e-mail, fax, of\u00edcio, publicamente, e, mesmo assim, salvo raras e honrosas excep\u00e7\u00f5es, n\u00e3o conseguimos despertar a aten\u00e7\u00e3o pelo conte\u00fado essencial das not\u00edcias, mas por quest\u00f5es marginais?<\/td>\n<\/tr>\n<\/tbody>\n<\/table>\n<table style=\"width: 100%;\" border=\"0\" cellspacing=\"5\" cellpadding=\"5\" align=\"justify\">\n<tbody>\n<tr>\n<td valign=\"top\">\u2022<\/td>\n<td style=\"text-align: justify;\" valign=\"top\">\u2026que, com bastante pena nossa, especialmente por graves car\u00eancias de inclus\u00e3o digital, ainda \u201cdesperdi\u00e7amos\u201d muitos meios pelos mesmos motivos que a comunica\u00e7\u00e3o social escrita que tem a vers\u00e3o online mant\u00e9m a vers\u00e3o de papel, a cor, os of\u00edcios, os agrafos, etc.?<\/td>\n<\/tr>\n<\/tbody>\n<\/table>\n<table style=\"width: 100%;\" border=\"0\" cellspacing=\"5\" cellpadding=\"5\" align=\"justify\">\n<tbody>\n<tr>\n<td valign=\"top\">\u2022<\/td>\n<td style=\"text-align: justify;\" valign=\"top\">\u2026que a grande maioria dos eleitos da nossa regi\u00e3o n\u00e3o tem endere\u00e7o de e-mail personalizado (p\u00fablico e directo) nem o mesmo \u00e9 divulgado no site do \u00f3rg\u00e3o a que pertencem?<\/td>\n<\/tr>\n<\/tbody>\n<\/table>\n<table style=\"width: 100%;\" border=\"0\" cellspacing=\"5\" cellpadding=\"5\" align=\"justify\">\n<tbody>\n<tr>\n<td valign=\"top\">\u2022<\/td>\n<td style=\"text-align: justify;\" valign=\"top\">\u2026que a pessoa do p\u00fablico a quem se diz ter sido entregue uma c\u00f3pia do documento pertence ao jornal \u201cMais Regi\u00e3o\u201d e estava ao seu servi\u00e7o?<\/td>\n<\/tr>\n<\/tbody>\n<\/table>\n<table style=\"width: 100%;\" border=\"0\" cellspacing=\"5\" cellpadding=\"5\" align=\"justify\">\n<tbody>\n<tr>\n<td valign=\"top\">\u2022<\/td>\n<td style=\"text-align: justify;\" valign=\"top\">\u2026que n\u00e3o foi entregue qualquer c\u00f3pia a nenhum dos eleitos, mas apenas uma \u00e0 funcion\u00e1ria que secretariou a reuni\u00e3o (para a acta) e tr\u00eas \u00e0 comunica\u00e7\u00e3o social presente, o que perfaz quatro e n\u00e3o onze?<\/td>\n<\/tr>\n<\/tbody>\n<\/table>\n<table style=\"width: 100%;\" border=\"0\" cellspacing=\"5\" cellpadding=\"5\" align=\"justify\">\n<tbody>\n<tr>\n<td valign=\"top\">NOTA FINAL:<strong> <span style=\"color: #800000;\">Ser sacrificado assim\u2026 custa!<\/span><\/strong><\/td>\n<\/tr>\n<tr>\n<td><img decoding=\"async\" src=\"\/\/www.ticmais.pt\/ticmais\/imagens\/Coruche,Antonio Pinheiro da Costa,TicMAIS,Cantanhede,Cidadania, Movimento.png\" alt=\"\" \/><\/td>\n<\/tr>\n<tr>\n<td><span style=\"color: #800000;\"><img decoding=\"async\" src=\"\/\/www.ticmais.pt\/ticmais\/imagens\/Coruche, TicMAIS, Antonio Pinheiro da Costa, Movimento de Cidadania, Cantanhede.png\" alt=\"\" \/><\/span><\/td>\n<\/tr>\n<\/tbody>\n<\/table>\n","protected":false},"excerpt":{"rendered":"<p>No Jornal \u201cO Mirante\u201d, na Sec\u00e7\u00e3o &#8220;Cavaleiro Andante&#8220;, foi publicada a seguinte not\u00edcia: \u201cMais um pinheiro sacrificado\u201c O respons\u00e1vel do ticMAIS \u2013 Movimento de Cidadania E-Coruche foi \u00e0 \u00faltima reuni\u00e3o da C\u00e2mara de Coruche pedir mais empenho da autarquia na disponibiliza\u00e7\u00e3o online de dados e documentos essenciais do munic\u00edpio. Mas Ant\u00f3nio Pinheiro da Costa borrou [&hellip;]<\/p>\n","protected":false},"author":1,"featured_media":0,"comment_status":"closed","ping_status":"open","sticky":false,"template":"","format":"standard","meta":{"footnotes":""},"categories":[15],"tags":[2,3,5,50,6,7,8,10,11,28,16],"class_list":["post-1235","post","type-post","status-publish","format-standard","hentry","category-tic-mais","tag-antonio-pinheiro-da-costa","tag-camara-municipal-de-coruche","tag-cidadania","tag-comunicacao-social","tag-coruche","tag-egov","tag-inclusao-digital","tag-movimentos-civicos","tag-movimento-de-cidadania","tag-tecnologia","tag-ticmais"],"_links":{"self":[{"href":"https:\/\/www.ticmais.pt\/index.php?rest_route=\/wp\/v2\/posts\/1235","targetHints":{"allow":["GET"]}}],"collection":[{"href":"https:\/\/www.ticmais.pt\/index.php?rest_route=\/wp\/v2\/posts"}],"about":[{"href":"https:\/\/www.ticmais.pt\/index.php?rest_route=\/wp\/v2\/types\/post"}],"author":[{"embeddable":true,"href":"https:\/\/www.ticmais.pt\/index.php?rest_route=\/wp\/v2\/users\/1"}],"replies":[{"embeddable":true,"href":"https:\/\/www.ticmais.pt\/index.php?rest_route=%2Fwp%2Fv2%2Fcomments&post=1235"}],"version-history":[{"count":0,"href":"https:\/\/www.ticmais.pt\/index.php?rest_route=\/wp\/v2\/posts\/1235\/revisions"}],"wp:attachment":[{"href":"https:\/\/www.ticmais.pt\/index.php?rest_route=%2Fwp%2Fv2%2Fmedia&parent=1235"}],"wp:term":[{"taxonomy":"category","embeddable":true,"href":"https:\/\/www.ticmais.pt\/index.php?rest_route=%2Fwp%2Fv2%2Fcategories&post=1235"},{"taxonomy":"post_tag","embeddable":true,"href":"https:\/\/www.ticmais.pt\/index.php?rest_route=%2Fwp%2Fv2%2Ftags&post=1235"}],"curies":[{"name":"wp","href":"https:\/\/api.w.org\/{rel}","templated":true}]}}