{"id":1236,"date":"2008-05-19T12:38:49","date_gmt":"2008-05-19T12:38:49","guid":{"rendered":"http:\/\/www.ticmais.pt\/?p=1236"},"modified":"2008-05-19T12:38:49","modified_gmt":"2008-05-19T12:38:49","slug":"ticmais-na-revista-exame-informatica","status":"publish","type":"post","link":"https:\/\/www.ticmais.pt\/?p=1236","title":{"rendered":"ticMAIS na revista Exame Inform\u00e1tica"},"content":{"rendered":"<table style=\"width: 100%;\" border=\"0\" cellspacing=\"5\" cellpadding=\"5\">\n<tbody>\n<tr>\n<td valign=\"top\" width=\"160\"><img decoding=\"async\" src=\"\/\/www.ticmais.pt\/ticmais\/imagens\/ticmais-na-revista-exame-informatica.jpg\" alt=\"\" border=\"0\" \/><\/td>\n<td style=\"text-align: justify;\" valign=\"top\">O <strong>ticMAIS <\/strong>(Movimento de Cidadania E-Coruche) mereceu da <a href=\"http:\/\/exameinformatica.clix.pt\/nas\/bancas\/215058.html\" target=\"_blank\">Exame Inform\u00e1tica<\/a>, a Revista de Novas Tecnologias mais antiga e mais vendida do pa\u00eds, uma honrosa e construtiva refer\u00eancia, na r\u00fabrica \u201c<a href=\"http:\/\/www.ticmais.pt\/ticmais\/imagens\/ticmais-na-revista-exame-informatica1.PNG\">SELEC\u00c7\u00c3O NACIONAL A MINHA P\u00c1GINA<\/a>\u201d.<br \/> Para n\u00f3s \u00e9 extremamente gratificante e encorajador receber este tipo de apoio, d\u00e1-nos alento para continuarmos a defender uma maior aposta na Sociedade do Conhecimento\/da Informa\u00e7\u00e3o e Ambiente, especialmente a n\u00edvel local e regional.<br \/>Para toda a equipa da Exame Inform\u00e1tica, o nosso bem-haja, um forte abra\u00e7o de Parab\u00e9ns pela comemora\u00e7\u00e3o do seu 13\u00ba Anivers\u00e1rio e pela excelente qualidade da revista, que melhora a olhos vistos.<\/p>\n<div>\u00a0<\/div>\n<div><a href=\"http:\/\/www.ticmais.pt\/?p=1234\"><img decoding=\"async\" src=\"\/\/www.ticmais.pt\/ticmais\/imagens\/ticmaislogomini.png\" alt=\"\" \/><\/a><\/div>\n<\/td>\n<\/tr>\n<\/tbody>\n<\/table>\n","protected":false},"excerpt":{"rendered":"<p>O ticMAIS (Movimento de Cidadania E-Coruche) mereceu da Exame Inform\u00e1tica, a Revista de Novas Tecnologias mais antiga e mais vendida do pa\u00eds, uma honrosa e construtiva refer\u00eancia, na r\u00fabrica \u201cSELEC\u00c7\u00c3O NACIONAL A MINHA P\u00c1GINA\u201d. Para n\u00f3s \u00e9 extremamente gratificante e encorajador receber este tipo de apoio, d\u00e1-nos alento para continuarmos a defender uma maior aposta [&hellip;]<\/p>\n","protected":false},"author":1,"featured_media":0,"comment_status":"closed","ping_status":"open","sticky":false,"template":"","format":"standard","meta":{"footnotes":""},"categories":[15],"tags":[2,4,5,6,8,10,11,19,28,16],"class_list":["post-1236","post","type-post","status-publish","format-standard","hentry","category-tic-mais","tag-antonio-pinheiro-da-costa","tag-cantanhede","tag-cidadania","tag-coruche","tag-inclusao-digital","tag-movimentos-civicos","tag-movimento-de-cidadania","tag-sociedade-do-conhecinentoda-informacao","tag-tecnologia","tag-ticmais"],"_links":{"self":[{"href":"https:\/\/www.ticmais.pt\/index.php?rest_route=\/wp\/v2\/posts\/1236","targetHints":{"allow":["GET"]}}],"collection":[{"href":"https:\/\/www.ticmais.pt\/index.php?rest_route=\/wp\/v2\/posts"}],"about":[{"href":"https:\/\/www.ticmais.pt\/index.php?rest_route=\/wp\/v2\/types\/post"}],"author":[{"embeddable":true,"href":"https:\/\/www.ticmais.pt\/index.php?rest_route=\/wp\/v2\/users\/1"}],"replies":[{"embeddable":true,"href":"https:\/\/www.ticmais.pt\/index.php?rest_route=%2Fwp%2Fv2%2Fcomments&post=1236"}],"version-history":[{"count":0,"href":"https:\/\/www.ticmais.pt\/index.php?rest_route=\/wp\/v2\/posts\/1236\/revisions"}],"wp:attachment":[{"href":"https:\/\/www.ticmais.pt\/index.php?rest_route=%2Fwp%2Fv2%2Fmedia&parent=1236"}],"wp:term":[{"taxonomy":"category","embeddable":true,"href":"https:\/\/www.ticmais.pt\/index.php?rest_route=%2Fwp%2Fv2%2Fcategories&post=1236"},{"taxonomy":"post_tag","embeddable":true,"href":"https:\/\/www.ticmais.pt\/index.php?rest_route=%2Fwp%2Fv2%2Ftags&post=1236"}],"curies":[{"name":"wp","href":"https:\/\/api.w.org\/{rel}","templated":true}]}}