{"id":1256,"date":"2008-10-20T19:51:18","date_gmt":"2008-10-20T18:51:18","guid":{"rendered":"http:\/\/www.ticmais.pt\/?p=1256"},"modified":"2008-10-20T19:51:18","modified_gmt":"2008-10-20T18:51:18","slug":"atraso-portugues-na-banda-larga-criticado-pela-apritel","status":"publish","type":"post","link":"https:\/\/www.ticmais.pt\/?p=1256","title":{"rendered":"Atraso portugu\u00eas na banda larga criticado pela Apritel"},"content":{"rendered":"<table border=\"0\" cellspacing=\"5\" cellpadding=\"5\" width=\"100%\" align=\"justify\">\n<tbody>\n<tr>\n<td width=\"160\" valign=\"top\">\n<p align=\"justify\"><img decoding=\"async\" src=\"\/\/www.ticmais.pt\/ticmais\/imagens\/Atraso%20portugues%20na%20banda%20larga%20criticado%20pela%20Apritel.jpg\" alt=\"\" \/><\/p>\n<\/td>\n<td valign=\"top\">\n<p align=\"justify\">Foram divulgados os n\u00fameros da banda larga no espa\u00e7o da Uni\u00e3o Europeia relativos ao primeiro trimestre de 2008.\u00a0\u00a0<\/p>\n<\/td>\n<\/tr>\n<\/tbody>\n<\/table>\n<p><!--more--><\/p>\n<table border=\"0\" cellspacing=\"5\" cellpadding=\"5\" width=\"100%\" align=\"justify\">\n<tbody>\n<tr>\n<td valign=\"top\">\n<p align=\"justify\">Os valores apresentados pela Associa\u00e7\u00e3o Europeia dos Operadores de Telecomunica\u00e7\u00f5es (<a href=\"http:\/\/www.ectaportal.com\/en\/\" target=\"_blank\">ECTA<\/a>) mostram que, nesse per\u00edodo, Portugal tinha uma penetra\u00e7\u00e3o do servi\u00e7o na escala dos 16,4 por cento, valor aqu\u00e9m da m\u00e9dia da UE a 27, onde os valores da penetra\u00e7\u00e3o da banda larga alcan\u00e7aram os 20,9 por cento.<\/p>\n<p>A associa\u00e7\u00e3o destaca o distanciamento de Portugal relativamente aos restantes 27 pa\u00edses da UE no crescimento da banda larga (a m\u00e9dia foi 20,9 por cento) e ressalta a performance de crescimento de pa\u00edses como Malta (80,6%) ou a Gr\u00e9cia (66,3%).<\/p>\n<p>Com os valores apresentados Portugal encontra-se colocado no 18\u00ba lugar da tabela, com um crescimento do n\u00famero de utilizadores nesse per\u00edodo de 12,2%, tamb\u00e9m aqu\u00e9m da m\u00e9dia. Para a<a href=\"http:\/\/www.apritel.org\/\" target=\"_blank\"> Apritel<\/a> os 1,7 milh\u00f5es de liga\u00e7\u00f5es existentes no final de Mar\u00e7o s\u00e3o insuficientes. <br \/>\n\u00a0<br \/>\nOs n\u00fameros relativos a Portugal comprometem seriamente o desejo portugu\u00eas de &#8220;manter-se no pelot\u00e3o da frente da Sociedade da Informa\u00e7\u00e3o&#8221;.<\/p>\n<p align=\"justify\">Os n\u00fameros apresentados pela ECTA, apurados de acordo com a informa\u00e7\u00e3o disponibilizada pelos reguladores, mostram que, no final do per\u00edodo em an\u00e1lise, a tecnologia predominante em Portugal continuava a ser o DSL, com uma quota de 64 por cento das liga\u00e7\u00f5es existentes, secundado pelo o cabo com 35 por cento.<\/p>\n<p align=\"justify\">A Apritel garante que os n\u00fameros da ECTA tamb\u00e9m mostram a lideran\u00e7a dos novos operadores na inova\u00e7\u00e3o em toda a Europa, reportando-se ao desenvolvimento de ofertas com um d\u00e9bito superior a 10 Mbps, com base em fibra \u00f3ptica, mas destaca o facto de essas inova\u00e7\u00f5es continuarem a circular sobre linhas dos operadores incumbentes. A Apritel solicita uma mais forte interven\u00e7\u00e3o dos reguladores de modo a possibilitar um desenvolvimento mais r\u00e1pido dos servi\u00e7os suportados nesta tecnologia, aspecto que considera cr\u00edtico para fazer avan\u00e7ar o mercado.<\/p>\n<\/td>\n<\/tr>\n<tr>\n<td valign=\"top\">\n<p align=\"justify\">Fonte: <a href=\"http:\/\/tek.sapo.pt\/\" target=\"_blank\">Tek SAPO<\/a><\/p>\n<\/td>\n<\/tr>\n<\/tbody>\n<\/table>\n","protected":false},"excerpt":{"rendered":"<p>Foram divulgados os n\u00fameros da banda larga no espa\u00e7o da Uni\u00e3o Europeia relativos ao primeiro trimestre de 2008.\u00a0\u00a0<\/p>\n","protected":false},"author":1,"featured_media":0,"comment_status":"closed","ping_status":"open","sticky":false,"template":"","format":"standard","meta":{"footnotes":""},"categories":[15],"tags":[34,86],"class_list":["post-1256","post","type-post","status-publish","format-standard","hentry","category-tic-mais","tag-internet","tag-redes"],"_links":{"self":[{"href":"https:\/\/www.ticmais.pt\/index.php?rest_route=\/wp\/v2\/posts\/1256","targetHints":{"allow":["GET"]}}],"collection":[{"href":"https:\/\/www.ticmais.pt\/index.php?rest_route=\/wp\/v2\/posts"}],"about":[{"href":"https:\/\/www.ticmais.pt\/index.php?rest_route=\/wp\/v2\/types\/post"}],"author":[{"embeddable":true,"href":"https:\/\/www.ticmais.pt\/index.php?rest_route=\/wp\/v2\/users\/1"}],"replies":[{"embeddable":true,"href":"https:\/\/www.ticmais.pt\/index.php?rest_route=%2Fwp%2Fv2%2Fcomments&post=1256"}],"version-history":[{"count":0,"href":"https:\/\/www.ticmais.pt\/index.php?rest_route=\/wp\/v2\/posts\/1256\/revisions"}],"wp:attachment":[{"href":"https:\/\/www.ticmais.pt\/index.php?rest_route=%2Fwp%2Fv2%2Fmedia&parent=1256"}],"wp:term":[{"taxonomy":"category","embeddable":true,"href":"https:\/\/www.ticmais.pt\/index.php?rest_route=%2Fwp%2Fv2%2Fcategories&post=1256"},{"taxonomy":"post_tag","embeddable":true,"href":"https:\/\/www.ticmais.pt\/index.php?rest_route=%2Fwp%2Fv2%2Ftags&post=1256"}],"curies":[{"name":"wp","href":"https:\/\/api.w.org\/{rel}","templated":true}]}}