{"id":1263,"date":"2008-10-22T02:21:35","date_gmt":"2008-10-22T01:21:35","guid":{"rendered":"http:\/\/www.ticmais.pt\/?p=1263"},"modified":"2008-10-22T02:21:35","modified_gmt":"2008-10-22T01:21:35","slug":"projecto-escola-electrao","status":"publish","type":"post","link":"https:\/\/www.ticmais.pt\/?p=1263","title":{"rendered":"Projecto Escola Electr\u00e3o"},"content":{"rendered":"<table border=\"0\" cellspacing=\"5\" cellpadding=\"5\" width=\"100%\" align=\"justify\">\n<tbody>\n<tr>\n<td width=\"160\" valign=\"top\">\n<p align=\"justify\"><img decoding=\"async\" src=\"\/\/www.ticmais.pt\/ticmais\/imagens\/Projecto%20Escola%20Electrao.png\" alt=\"\" \/><\/p>\n<\/td>\n<td valign=\"top\">\n<p align=\"justify\">Foi apresentado o projecto Escola Electr\u00e3o, promovido pela Amb3E, com a colabora\u00e7\u00e3o do Minist\u00e9rio da Educa\u00e7\u00e3o \u2013 uma iniciativa in\u00e9dita no Pa\u00eds com o objectivo de formar e informar todos os alunos dos 10 aos 18 anos sobre a gest\u00e3o de Res\u00edduos e Equipamentos El\u00e9ctricos e Electr\u00f3nicos (REEE), premiando ainda as escolas com melhor desempenho ambiental. (<a href=\"http:\/\/videos.sapo.pt\/cEphAZWzz926ZwFuu1LI\" target=\"_blank\">V\u00eddeo<\/a>)<\/p>\n<\/td>\n<\/tr>\n<\/tbody>\n<\/table>\n","protected":false},"excerpt":{"rendered":"<p>Foi apresentado o projecto Escola Electr\u00e3o, promovido pela Amb3E, com a colabora\u00e7\u00e3o do Minist\u00e9rio da Educa\u00e7\u00e3o \u2013 uma iniciativa in\u00e9dita no Pa\u00eds com o objectivo de formar e informar todos os alunos dos 10 aos 18 anos sobre a gest\u00e3o de Res\u00edduos e Equipamentos El\u00e9ctricos e Electr\u00f3nicos (REEE), premiando ainda as escolas com melhor desempenho [&hellip;]<\/p>\n","protected":false},"author":1,"featured_media":0,"comment_status":"closed","ping_status":"open","sticky":false,"template":"","format":"standard","meta":{"footnotes":""},"categories":[15],"tags":[24,25,54],"class_list":["post-1263","post","type-post","status-publish","format-standard","hentry","category-tic-mais","tag-ambiente","tag-ecologia-e-desenvolvimento-sustentavel","tag-reciclagem"],"_links":{"self":[{"href":"https:\/\/www.ticmais.pt\/index.php?rest_route=\/wp\/v2\/posts\/1263","targetHints":{"allow":["GET"]}}],"collection":[{"href":"https:\/\/www.ticmais.pt\/index.php?rest_route=\/wp\/v2\/posts"}],"about":[{"href":"https:\/\/www.ticmais.pt\/index.php?rest_route=\/wp\/v2\/types\/post"}],"author":[{"embeddable":true,"href":"https:\/\/www.ticmais.pt\/index.php?rest_route=\/wp\/v2\/users\/1"}],"replies":[{"embeddable":true,"href":"https:\/\/www.ticmais.pt\/index.php?rest_route=%2Fwp%2Fv2%2Fcomments&post=1263"}],"version-history":[{"count":0,"href":"https:\/\/www.ticmais.pt\/index.php?rest_route=\/wp\/v2\/posts\/1263\/revisions"}],"wp:attachment":[{"href":"https:\/\/www.ticmais.pt\/index.php?rest_route=%2Fwp%2Fv2%2Fmedia&parent=1263"}],"wp:term":[{"taxonomy":"category","embeddable":true,"href":"https:\/\/www.ticmais.pt\/index.php?rest_route=%2Fwp%2Fv2%2Fcategories&post=1263"},{"taxonomy":"post_tag","embeddable":true,"href":"https:\/\/www.ticmais.pt\/index.php?rest_route=%2Fwp%2Fv2%2Ftags&post=1263"}],"curies":[{"name":"wp","href":"https:\/\/api.w.org\/{rel}","templated":true}]}}