{"id":1268,"date":"2008-10-27T16:18:00","date_gmt":"2008-10-27T15:18:00","guid":{"rendered":"http:\/\/www.ticmais.pt\/?p=1268"},"modified":"2008-10-27T16:18:00","modified_gmt":"2008-10-27T15:18:00","slug":"ultimas-sobre-o-computador-magalhaes","status":"publish","type":"post","link":"https:\/\/www.ticmais.pt\/?p=1268","title":{"rendered":"\u00daltimas sobre o computador Magalh\u00e3es"},"content":{"rendered":"<table border=\"0\" cellspacing=\"5\" cellpadding=\"5\" width=\"100%\" align=\"justify\">\n<tbody>\n<tr>\n<td width=\"160\" valign=\"top\">\n<p align=\"justify\"><img decoding=\"async\" src=\"\/\/www.ticmais.pt\/ticmais\/imagens\/Ultimas%20sobre%20o%20computador%20Magalhaes11.jpg\" alt=\"\" \/><\/p>\n<\/td>\n<td valign=\"top\">\n<p align=\"justify\"><strong><span style=\"color: #800000;\">PT leva Magalh\u00e3es para Marrocos, Cabo Verde e S\u00e3o Tom\u00e9<br \/>\n<\/span><br \/>\n<\/strong><span style=\"color: #800000;\"><span style=\"color: #800000;\"><span style=\"color: #000000;\">Segundo o Jornal de Neg\u00f3cios, a Portugal Telecom (PT) vai levar o computador port\u00e1til Magalh\u00e3es tamb\u00e9m para Marrocos, Cabo Verde e S\u00e3o Tom\u00e9, de forma a sensibilizar as autoridades locais para a import\u00e2ncia de apostar no desenvolvimento da sociedade de informa\u00e7\u00e3o, anunciou o presidente executivo da PT.<\/span><\/span><\/span>\u00a0<\/p>\n<\/td>\n<\/tr>\n<\/tbody>\n<\/table>\n<p><!--more--><\/p>\n<table border=\"0\" cellspacing=\"5\" cellpadding=\"5\" width=\"100%\" align=\"justify\">\n<tbody>\n<tr>\n<td valign=\"top\">\n<p style=\"text-align: justify;\"><strong><span style=\"color: #800000;\">Entregas do Programa e-escolinha conclu\u00eddas at\u00e9 Abril<br \/>\n<\/span><\/strong>\u00a0<br \/>\nSegundo Jo\u00e3o Paulo S\u00e1 Couto, administrador da JP S\u00e1 Couto, a conclus\u00e3o do processo de entrega dos cerca de 500 mil\u00a0 computadores Magalh\u00e3es encomendados no \u00e2mbito do programa e-escolinha dever\u00e1 acontecer antes do prazo previsto.<\/p>\n<p style=\"text-align: justify;\">A\u00a0data\u00a0prevista inicialmente, apontava para o final do actual ano lectivo, mas a totalidade dos computadores ser\u00e1 entregue at\u00e9 Abril de 2009.\u00a0<br \/>\n\u00a0<br \/>\nO administrador aproveitou para esclarecer, que a\u00a0JP S\u00e1 Couto nada tem a ver com os problemas de distribui\u00e7\u00e3o que ontem vieram a p\u00fablico na comunica\u00e7\u00e3o social, assegurando que a empresa est\u00e1 &#8220;desejosa&#8221; para proceder \u00e0 entrega das v\u00e1rias dezenas de milhar de Magalh\u00e3es que j\u00e1 tem em stock.<br \/>\n\u00a0<br \/>\nA JP S\u00e1 Couto vai inaugurar no dia 25 deste m\u00eas (S\u00e1bado) mais duas linhas de montagem &#8211; ainda nas instala\u00e7\u00f5es da actual f\u00e1brica de Matosinhos -, elevando a produ\u00e7\u00e3o em s\u00e9rie de modelos Magalh\u00e3es, das actuais 40 mil para as 75 mil unidades mensais. <br \/>\nNa mesma regi\u00e3o e j\u00e1 no in\u00edcio de Novembro, com um investimento total de 30 milh\u00f5es de euros (20 milh\u00f5es em infra-estrutura e 10 milh\u00f5es em equipamento b\u00e1sico), est\u00e1 prevista a inaugura\u00e7\u00e3o de uma nova f\u00e1brica, que vai criar 300 a 400 novos postos de trabalho directos. No segundo trimestre de 2009, esta unidade produzir\u00e1 250 mil computadores Magalh\u00e3es ao m\u00eas, maioritariamente para dar resposta \u00e0s encomendas internacionais. <br \/>\nPara al\u00e9m do fornecimento do e-escolinha, a Empresa j\u00e1 tem garantida a encomenda de um milh\u00e3o de Magalh\u00e3es para a Venezuela, um processo que ter\u00e1 o seu in\u00edcio no pr\u00f3ximo m\u00eas de Dezembro e que se prolongar\u00e1 durante 2009.<br \/>\nA empresa mant\u00e9m neste momento negocia\u00e7\u00f5es para a exporta\u00e7\u00e3o do conceito com Angola, Mo\u00e7ambique, Argentina, L\u00edbia, B\u00e9lgica e Hungria<\/p>\n<p style=\"text-align: justify;\">Estas declara\u00e7\u00f5es foram proferidas numa confer\u00eancia de imprensa realizada hoje.<\/p>\n<\/td>\n<\/tr>\n<\/tbody>\n<\/table>\n<table border=\"0\" cellspacing=\"5\" cellpadding=\"5\" width=\"100%\" align=\"justify\">\n<tbody>\n<tr>\n<td valign=\"top\">\n<p style=\"text-align: justify;\"><span style=\"color: #800000;\"><span style=\"color: #800000;\"><strong>Computador Magalh\u00e3es com novo pre\u00e7o<\/strong><\/span><\/span><\/p>\n<p style=\"text-align: justify;\"><span style=\"color: #800000;\"><span style=\"background-color: #ffffff;\"><span style=\"color: #000000;\">Port\u00e1til Magalh\u00e3es\u00a0v\u00ea o seu pre\u00e7o subir mesmo\u00a0antes de chegar ao mercado.<br \/>\n<\/span><\/span><br \/>\n<\/span>A JP S\u00e1 Couto comunicou que o port\u00e1til Magalh\u00e3es equipado com o processador Atom custa 329 euros, j\u00e1 com IVA.<\/p>\n<p style=\"text-align: justify;\">Isto significa que computador Magalh\u00e3es custa mais 44 euros que a vers\u00e3o equipada\u00a0o processador\u00a0Celeron, que est\u00e1 \u00e0 venda ao p\u00fablico por 285 euros. A diferen\u00e7a de custo\u00a0deve-se sobretudo \u00e0 pr\u00f3pria natureza dos processadores &#8211; o Atom \u00e9 mais caro &#8211; mas tamb\u00e9m\u00a0\u00e0 desvaloriza\u00e7\u00e3o do\u00a0euro face ao\u00a0d\u00f3lar.<\/p>\n<p style=\"text-align: justify;\"><span style=\"color: #800000;\"><strong><br \/>\n\u2018Magalh\u00e3es\u2019 tem 400 mil alunos em lista de espera<\/strong> <\/span><\/p>\n<p style=\"text-align: justify;\">O\u00a0 JN de hoje tamb\u00e9m not\u00edcia com tema de capa que o \u2018Magalh\u00e3es\u2019 tem 400 mil alunos em lista de espera, dizendo que o atraso est\u00e1 ligado a falha no formul\u00e1rio por maioria dos candidatos n\u00e3o possuir B.I.<\/p>\n<p style=\"text-align: justify;\">S\u00f3 no dia 22\/10\/2008\u00a0(ontem) foi efectuado o carregamento inform\u00e1tico dos pedidos para o Magalh\u00e3es,\u00a0um m\u00eas depois do Governo ter distribu\u00eddo 3 mil computadores e apontar a entrega de 500 mil port\u00e1teis como meta at\u00e9 ao final do ano.<\/p>\n<p style=\"text-align: justify;\">O facto de s\u00f3\u00a0agora ter arrancado o processamento dos pedidos faz com que 400 mil alunos estejam em lista de espera para receber o computador portugu\u00eas de baixo custo.<\/p>\n<p style=\"text-align: justify;\">De acordo com o referido jornal, o atraso \u00e9 devido a um erro nos formul\u00e1rios dos pedidos preenchidos pelos encarregados de educa\u00e7\u00e3o de alunos do 1.\u00ba Ciclo. Em quest\u00e3o est\u00e1 o facto de a folha de inscri\u00e7\u00e3o pedir o n\u00famero do B.I., algo que nem sempre \u00e9 poss\u00edvel preencher uma vez que muitos alunos do ensino b\u00e1sico ainda n\u00e3o possuem bilhete de identidade.<\/p>\n<p style=\"text-align: justify;\">Para ultrapassar essa circunst\u00e2ncia, os servi\u00e7os do Minist\u00e9rio da Educa\u00e7\u00e3o e do Plano Tecnol\u00f3gico optaram por criar uma\u00a0 tripla\u00a0 referencia\u00e7\u00e3o que evitasse enganos &#8211; c\u00f3digo da escola, data de nascimento do aluno e o ano escolar que frequenta. Esta altera\u00e7\u00e3o originou o atraso do carregamento dos formul\u00e1rios em papel para o sistema inform\u00e1tico em um m\u00eas.<\/p>\n<p style=\"text-align: justify;\">\u00a0<\/p>\n<p style=\"text-align: justify;\"><span style=\"color: #800000;\"><strong>V\u00eddeos Gato Fedorento &#8211; Z\u00e9 Carlos &#8211; Magalh\u00e3es<\/strong><\/span><\/p>\n<p style=\"text-align: justify;\"><a href=\"http:\/\/www.youtube.com\/watch?v=DPj8BzWj0W0&amp;feature=related\" target=\"_blank\"><img decoding=\"async\" src=\"\/\/www.ticmais.pt\/ticmais\/imagens\/Ver%20videos.jpg\" alt=\"\" \/><\/a>\u00a01\u00a0\u00a0\u00a0\u00a0\u00a0\u00a0\u00a0\u00a0\u00a0\u00a0\u00a0\u00a0\u00a0\u00a0\u00a0 \u00a0\u00a0<a href=\"http:\/\/www.youtube.com\/watch?v=VC2xsAC5hdA\" target=\"_blank\"><img decoding=\"async\" src=\"\/\/www.ticmais.pt\/ticmais\/imagens\/Ver%20videos.jpg\" alt=\"\" \/><\/a>\u00a02<\/p>\n<p><br class=\"spacer_\" \/><\/p>\n<p style=\"text-align: justify;\"><strong><span style=\"color: #800000;\"><br \/>\nProfessores em forma\u00e7\u00e3o sentem-se envergonhados<\/span><\/strong>\u00a0<br \/>\n\u00a0<br \/>\nTem vindo a ser noticiado o aparecimento de coment\u00e1rios e v\u00eddeos de ac\u00e7\u00f5es de forma\u00e7\u00e3o patrocinadas pelos Minist\u00e9rio de Educa\u00e7\u00e3o a professores, em que estes s\u00e3o convidados a cantar m\u00fasicas dedicadas ao Magalh\u00e3es. \u00abPalha\u00e7ada\u00bb, \u00abdesalento\u00bb e \u00abfrustra\u00e7\u00e3o\u00bb s\u00e3o algumas das express\u00f5es manifestadas no YouTube.<\/p>\n<p>Veja um dos v\u00eddeos da pol\u00e9mica:<\/p>\n<p><a href=\"http:\/\/www.youtube.com\/watch?v=98hxq50Bq3o\" target=\"_blank\"><img decoding=\"async\" src=\"\/\/www.ticmais.pt\/ticmais\/imagens\/Ver%20videos.jpg\" alt=\"\" \/><\/a>\u00a01\u00a0\u00a0\u00a0\u00a0\u00a0\u00a0\u00a0\u00a0\u00a0\u00a0\u00a0\u00a0 \u00a0 <a href=\"http:\/\/www.youtube.com\/watch?v=9QOtoUeJyRk&amp;feature=related\" target=\"_blank\"><img decoding=\"async\" src=\"\/\/www.ticmais.pt\/ticmais\/imagens\/Ver%20videos.jpg\" alt=\"\" \/><\/a>\u00a02<\/p>\n<p style=\"text-align: justify;\"><strong><span style=\"color: #800000;\"><br \/>\nO nome do computador Magalh\u00e3es \u00e9 utilizado em esquemas de fraude<br \/>\n<\/span><\/strong><br \/>\nTamb\u00e9m surgiram not\u00edcias de burla com base no pequeno computador.<br \/>\n\u00a0<br \/>\nSegundo a ag\u00eancia Lusa, j\u00e1 foi identificada uma empresa que alegou ser representante do Minist\u00e9rio da Educa\u00e7\u00e3o (ME) para angariar compradores para o port\u00e1til.<\/p>\n<p style=\"text-align: justify;\">Na sequ\u00eancia disso, a Direc\u00e7\u00e3o Regional de Educa\u00e7\u00e3o do Norte est\u00e1 a averiguar a ac\u00e7\u00e3o da empresa que se faz passar por parceira do Estado para vender o computador \u201cmade in Portugal\u201d.<\/p>\n<p style=\"text-align: justify;\">&#8220;Foi identificado um local onde uma empresa, pretensamente representante do Minist\u00e9rio da Educa\u00e7\u00e3o, contactou as fam\u00edlias, nas suas casas, com o objectivo de proceder \u00e0 angaria\u00e7\u00e3o de compradores destes computadores&#8221;, revela o comunicado da Direc\u00e7\u00e3o Regional de Educa\u00e7\u00e3o do Norte (DREN).<\/p>\n<p style=\"text-align: justify;\">A DREN apresentou uma queixa no Minist\u00e9rio P\u00fablico e aproveitou para esclarecer que o Magalh\u00e3es s\u00f3 pode ser encomendado pelos utilizadores abrangidos pelo programa e-escolinha e nos Centros Novas Oportunidades. Tamb\u00e9m est\u00e1 dispon\u00edvel em algumas lojas, para venda directa.<\/p>\n<\/td>\n<\/tr>\n<tr>\n<td valign=\"top\">\n<p align=\"justify\">Fonte: <a href=\"http:\/\/exameinformatica.clix.pt\/\" target=\"_blank\">Exame Inform\u00e1tica<\/a>, <a href=\"http:\/\/jn.sapo.pt\" target=\"_blank\">JN<\/a>,\u00a0<a href=\"http:\/\/tek.sapo.pt\/\" target=\"_blank\">Tek SAPO<\/a>, <a href=\"http:\/\/www.jornaldenegocios.pt\/\" target=\"_blank\">Jornal de Neg\u00f3cios<\/a> e\u00a0<a href=\"http:\/\/www.youtube.com\/\" target=\"_blank\">You Tube<\/a><\/p>\n<\/td>\n<\/tr>\n<\/tbody>\n<\/table>\n","protected":false},"excerpt":{"rendered":"<p>PT leva Magalh\u00e3es para Marrocos, Cabo Verde e S\u00e3o Tom\u00e9 Segundo o Jornal de Neg\u00f3cios, a Portugal Telecom (PT) vai levar o computador port\u00e1til Magalh\u00e3es tamb\u00e9m para Marrocos, Cabo Verde e S\u00e3o Tom\u00e9, de forma a sensibilizar as autoridades locais para a import\u00e2ncia de apostar no desenvolvimento da sociedade de informa\u00e7\u00e3o, anunciou o presidente executivo [&hellip;]<\/p>\n","protected":false},"author":1,"featured_media":0,"comment_status":"closed","ping_status":"open","sticky":false,"template":"","format":"standard","meta":{"footnotes":""},"categories":[15],"tags":[78,63,79,64,18],"class_list":["post-1268","post","type-post","status-publish","format-standard","hentry","category-tic-mais","tag-classmate-pc","tag-e-escolinha","tag-intel","tag-magalhaes","tag-plano-tecnologico"],"_links":{"self":[{"href":"https:\/\/www.ticmais.pt\/index.php?rest_route=\/wp\/v2\/posts\/1268","targetHints":{"allow":["GET"]}}],"collection":[{"href":"https:\/\/www.ticmais.pt\/index.php?rest_route=\/wp\/v2\/posts"}],"about":[{"href":"https:\/\/www.ticmais.pt\/index.php?rest_route=\/wp\/v2\/types\/post"}],"author":[{"embeddable":true,"href":"https:\/\/www.ticmais.pt\/index.php?rest_route=\/wp\/v2\/users\/1"}],"replies":[{"embeddable":true,"href":"https:\/\/www.ticmais.pt\/index.php?rest_route=%2Fwp%2Fv2%2Fcomments&post=1268"}],"version-history":[{"count":0,"href":"https:\/\/www.ticmais.pt\/index.php?rest_route=\/wp\/v2\/posts\/1268\/revisions"}],"wp:attachment":[{"href":"https:\/\/www.ticmais.pt\/index.php?rest_route=%2Fwp%2Fv2%2Fmedia&parent=1268"}],"wp:term":[{"taxonomy":"category","embeddable":true,"href":"https:\/\/www.ticmais.pt\/index.php?rest_route=%2Fwp%2Fv2%2Fcategories&post=1268"},{"taxonomy":"post_tag","embeddable":true,"href":"https:\/\/www.ticmais.pt\/index.php?rest_route=%2Fwp%2Fv2%2Ftags&post=1268"}],"curies":[{"name":"wp","href":"https:\/\/api.w.org\/{rel}","templated":true}]}}