{"id":1295,"date":"2008-10-30T23:40:55","date_gmt":"2008-10-30T22:40:55","guid":{"rendered":"http:\/\/www.ticmais.pt\/?p=1295"},"modified":"2008-10-30T23:40:55","modified_gmt":"2008-10-30T22:40:55","slug":"80-dos-portugueses-fora-da-fibra-optica","status":"publish","type":"post","link":"https:\/\/www.ticmais.pt\/?p=1295","title":{"rendered":"80% dos portugueses fora da Fibra \u00f3ptica"},"content":{"rendered":"<table style=\"width: 100%;\" border=\"0\" cellspacing=\"5\" cellpadding=\"5\" align=\"justify\">\n<tbody>\n<tr>\n<td width=\"160\" valign=\"top\">\n<p align=\"justify\"><img decoding=\"async\" src=\"\/\/www.ticmais.pt\/ticmais\/imagens\/80%20dos%20portugueses%20fora%20da%20Fibra%20optica.png\" alt=\"\" \/><\/p>\n<\/td>\n<td valign=\"top\">\n<p align=\"justify\">&#8220;<em>Se as autoridade n\u00e3o actuarem, teremos redes ultra-r\u00e1pidas de informa\u00e7\u00e3o dispon\u00edveis, no m\u00e1ximo, a 20 a 30% da nossa popula\u00e7\u00e3o<\/em>\u201d, s\u00e3o as conclus\u00f5es do estudo de\u00a0viabilidade econ\u00f3mica aos investimentos em Redes de Nova Gera\u00e7\u00e3o (NGNs)\u00a0 feito pela <a href=\"http:\/\/www.wik.org\/\" target=\"_blank\">WIK Consult<\/a>, que analisou seis pa\u00edses a pedido da <a href=\"http:\/\/www.ecta.org\/\" target=\"_blank\">ECTA<\/a>, a associa\u00e7\u00e3o europeia na qual a <a href=\"http:\/\/www.apritel.org\/\" target=\"_blank\">Apritel<\/a> est\u00e1 tamb\u00e9m integrada. <a href=\"http:\/\/www.apritel.org\/noticias\/detalhes.php?id=898\" target=\"_blank\">Veja aqui o estudo<\/a><\/p>\n<\/td>\n<\/tr>\n<\/tbody>\n<\/table>\n<p><!--more--><\/p>\n","protected":false},"excerpt":{"rendered":"<p>&#8220;Se as autoridade n\u00e3o actuarem, teremos redes ultra-r\u00e1pidas de informa\u00e7\u00e3o dispon\u00edveis, no m\u00e1ximo, a 20 a 30% da nossa popula\u00e7\u00e3o\u201d, s\u00e3o as conclus\u00f5es do estudo de\u00a0viabilidade econ\u00f3mica aos investimentos em Redes de Nova Gera\u00e7\u00e3o (NGNs)\u00a0 feito pela WIK Consult, que analisou seis pa\u00edses a pedido da ECTA, a associa\u00e7\u00e3o europeia na qual a Apritel est\u00e1 [&hellip;]<\/p>\n","protected":false},"author":1,"featured_media":0,"comment_status":"closed","ping_status":"open","sticky":false,"template":"","format":"standard","meta":{"footnotes":""},"categories":[15],"tags":[34,86],"class_list":["post-1295","post","type-post","status-publish","format-standard","hentry","category-tic-mais","tag-internet","tag-redes"],"_links":{"self":[{"href":"https:\/\/www.ticmais.pt\/index.php?rest_route=\/wp\/v2\/posts\/1295","targetHints":{"allow":["GET"]}}],"collection":[{"href":"https:\/\/www.ticmais.pt\/index.php?rest_route=\/wp\/v2\/posts"}],"about":[{"href":"https:\/\/www.ticmais.pt\/index.php?rest_route=\/wp\/v2\/types\/post"}],"author":[{"embeddable":true,"href":"https:\/\/www.ticmais.pt\/index.php?rest_route=\/wp\/v2\/users\/1"}],"replies":[{"embeddable":true,"href":"https:\/\/www.ticmais.pt\/index.php?rest_route=%2Fwp%2Fv2%2Fcomments&post=1295"}],"version-history":[{"count":0,"href":"https:\/\/www.ticmais.pt\/index.php?rest_route=\/wp\/v2\/posts\/1295\/revisions"}],"wp:attachment":[{"href":"https:\/\/www.ticmais.pt\/index.php?rest_route=%2Fwp%2Fv2%2Fmedia&parent=1295"}],"wp:term":[{"taxonomy":"category","embeddable":true,"href":"https:\/\/www.ticmais.pt\/index.php?rest_route=%2Fwp%2Fv2%2Fcategories&post=1295"},{"taxonomy":"post_tag","embeddable":true,"href":"https:\/\/www.ticmais.pt\/index.php?rest_route=%2Fwp%2Fv2%2Ftags&post=1295"}],"curies":[{"name":"wp","href":"https:\/\/api.w.org\/{rel}","templated":true}]}}