{"id":1308,"date":"2008-11-03T01:23:32","date_gmt":"2008-11-03T00:23:32","guid":{"rendered":"http:\/\/www.ticmais.pt\/?p=1308"},"modified":"2008-11-03T01:23:32","modified_gmt":"2008-11-03T00:23:32","slug":"trabalho-dos-professores-para-vender-magalhaes","status":"publish","type":"post","link":"https:\/\/www.ticmais.pt\/?p=1308","title":{"rendered":"Trabalho dos professores para &#8220;vender&#8221; Magalh\u00e3es"},"content":{"rendered":"<table border=\"0\" cellspacing=\"5\" cellpadding=\"5\" width=\"100%\" align=\"justify\">\n<tbody>\n<tr>\n<td width=\"160\" valign=\"top\">\n<p align=\"justify\"><img decoding=\"async\" src=\"\/\/www.ticmais.pt\/ticmais\/imagens\/microsoft-com-software-exclusivo-no-magalhaes.jpg\" alt=\"\" \/><\/p>\n<\/td>\n<td valign=\"top\">\n<p align=\"justify\">Segundo o <a href=\"http:\/\/jn.sapo.pt\/\" target=\"_blank\">JN<\/a>, a Federa\u00e7\u00e3o Nacional dos Sindicatos da Educa\u00e7\u00e3o criticou a atribui\u00e7\u00e3o pelo Minist\u00e9rio da Educa\u00e7\u00e3o de &#8220;tarefas burocr\u00e1ticas e administrativas&#8221; aos professores do primeiro ciclo relacionadas com o computador Magalh\u00e3es, garantindo ter j\u00e1 recebido &#8220;centenas de queixas&#8221; de docentes. (<a href=\"http:\/\/jn.sapo.pt\/PaginaInicial\/Nacional\/Interior.aspx?content_id=1037547\" target=\"_blank\">Mais&#8230;)<\/a><\/p>\n<\/td>\n<\/tr>\n<\/tbody>\n<\/table>\n<p><br class=\"spacer_\" \/><\/p>\n","protected":false},"excerpt":{"rendered":"<p>Segundo o JN, a Federa\u00e7\u00e3o Nacional dos Sindicatos da Educa\u00e7\u00e3o criticou a atribui\u00e7\u00e3o pelo Minist\u00e9rio da Educa\u00e7\u00e3o de &#8220;tarefas burocr\u00e1ticas e administrativas&#8221; aos professores do primeiro ciclo relacionadas com o computador Magalh\u00e3es, garantindo ter j\u00e1 recebido &#8220;centenas de queixas&#8221; de docentes. (Mais&#8230;)<\/p>\n","protected":false},"author":1,"featured_media":0,"comment_status":"closed","ping_status":"open","sticky":false,"template":"","format":"standard","meta":{"footnotes":""},"categories":[15],"tags":[97,63,20,64,18],"class_list":["post-1308","post","type-post","status-publish","format-standard","hentry","category-tic-mais","tag-e-escola","tag-e-escolinha","tag-ensino","tag-magalhaes","tag-plano-tecnologico"],"_links":{"self":[{"href":"https:\/\/www.ticmais.pt\/index.php?rest_route=\/wp\/v2\/posts\/1308","targetHints":{"allow":["GET"]}}],"collection":[{"href":"https:\/\/www.ticmais.pt\/index.php?rest_route=\/wp\/v2\/posts"}],"about":[{"href":"https:\/\/www.ticmais.pt\/index.php?rest_route=\/wp\/v2\/types\/post"}],"author":[{"embeddable":true,"href":"https:\/\/www.ticmais.pt\/index.php?rest_route=\/wp\/v2\/users\/1"}],"replies":[{"embeddable":true,"href":"https:\/\/www.ticmais.pt\/index.php?rest_route=%2Fwp%2Fv2%2Fcomments&post=1308"}],"version-history":[{"count":0,"href":"https:\/\/www.ticmais.pt\/index.php?rest_route=\/wp\/v2\/posts\/1308\/revisions"}],"wp:attachment":[{"href":"https:\/\/www.ticmais.pt\/index.php?rest_route=%2Fwp%2Fv2%2Fmedia&parent=1308"}],"wp:term":[{"taxonomy":"category","embeddable":true,"href":"https:\/\/www.ticmais.pt\/index.php?rest_route=%2Fwp%2Fv2%2Fcategories&post=1308"},{"taxonomy":"post_tag","embeddable":true,"href":"https:\/\/www.ticmais.pt\/index.php?rest_route=%2Fwp%2Fv2%2Ftags&post=1308"}],"curies":[{"name":"wp","href":"https:\/\/api.w.org\/{rel}","templated":true}]}}