{"id":1322,"date":"2008-11-09T23:18:48","date_gmt":"2008-11-09T23:18:48","guid":{"rendered":"http:\/\/www.ticmais.pt\/?p=1322"},"modified":"2020-02-24T02:49:49","modified_gmt":"2020-02-24T01:49:49","slug":"lembranca-da-semana-6","status":"publish","type":"post","link":"https:\/\/www.ticmais.pt\/?p=1322","title":{"rendered":"Lembran\u00e7a da Semana 6"},"content":{"rendered":"<table style=\"width: 100%;\" border=\"0\" cellspacing=\"5\" cellpadding=\"5\" align=\"justify\">\n<tbody>\n<tr>\n<td valign=\"top\" width=\"160\"><img decoding=\"async\" src=\"\/\/www.ticmais.pt\/ticmais\/imagens\/lembranca-da-semana.PNG\" alt=\"\" \/><\/td>\n<td valign=\"top\">J\u00e1 l\u00e1 v\u00e3o praticamente 2 anos desde que iniciamos este projecto, com uma <a href=\"http:\/\/www.ticmais.pt\/?p=1231\" target=\"_self\" rel=\"noopener noreferrer\">\u2018Carta Aberta \u00e0 C\u00e2mara Municipal de Coruche\u2019 <\/a>e os seus &#8216;<a href=\"http:\/\/www.ticmais.pt\/?p=1229\" target=\"_self\" rel=\"noopener noreferrer\">Fundamentos<\/a>&#8216;. T\u00eam sido muitas as noticias, propostas, sugest\u00f5es e os exemplos de boas pr\u00e1ticas, que temos apresentado e desenvolvido.<\/td>\n<\/tr>\n<\/tbody>\n<\/table>\n<div><\/div>\n<div><!--more--><\/div>\n<table style=\"width: 100%;\" border=\"0\" cellspacing=\"5\" cellpadding=\"5\" align=\"justify\">\n<tbody>\n<tr>\n<td valign=\"top\">Como os nossos respons\u00e1veis locais parece que continuam distra\u00eddos relativamente \u00e0s nossas Sugest\u00f5es, abrimos uma nova rubrica.<\/p>\n<div>Veja <a href=\"http:\/\/www.ticmais.pt\/?page_id=1248\" target=\"_self\" rel=\"noopener noreferrer\"><span style=\"text-decoration: underline;\"><span style=\"color: #0000ff;\">aqui<\/span><\/span><\/a> a <strong>&#8216;Lembran\u00e7a da Semana 6&#8217;<\/strong>.<\/div>\n<\/td>\n<\/tr>\n<tr>\n<td><img decoding=\"async\" src=\"\/\/www.ticmais.pt\/ticmais\/imagens\/Coruche,Antonio Pinheiro da Costa,TicMAIS,Cantanhede,Cidadania, Movimento.png\" alt=\"\" \/><\/td>\n<\/tr>\n<tr>\n<td><a href=\"https:\/\/www.ticmais.pt\/\"><span style=\"color: #800000;\"><img decoding=\"async\" src=\"\/\/www.ticmais.pt\/ticmais\/imagens\/Coruche, TicMAIS, Antonio Pinheiro da Costa, Movimento de Cidadania, Cantanhede.png\" alt=\"\" \/><\/span><\/a><\/td>\n<\/tr>\n<\/tbody>\n<\/table>\n","protected":false},"excerpt":{"rendered":"<p>J\u00e1 l\u00e1 v\u00e3o praticamente 2 anos desde que iniciamos este projecto, com uma \u2018Carta Aberta \u00e0 C\u00e2mara Municipal de Coruche\u2019 e os seus &#8216;Fundamentos&#8216;. T\u00eam sido muitas as noticias, propostas, sugest\u00f5es e os exemplos de boas pr\u00e1ticas, que temos apresentado e desenvolvido.<\/p>\n","protected":false},"author":1,"featured_media":0,"comment_status":"closed","ping_status":"open","sticky":false,"template":"","format":"standard","meta":{"footnotes":""},"categories":[15],"tags":[2,3,5,6,7,34,10,11,12,60,13,144,19,145,16],"class_list":["post-1322","post","type-post","status-publish","format-standard","hentry","category-tic-mais","tag-antonio-pinheiro-da-costa","tag-camara-municipal-de-coruche","tag-cidadania","tag-coruche","tag-egov","tag-internet","tag-movimentos-civicos","tag-movimento-de-cidadania","tag-municipios","tag-planos","tag-poder-local","tag-propostas","tag-sociedade-do-conhecinentoda-informacao","tag-sugestoes","tag-ticmais"],"_links":{"self":[{"href":"https:\/\/www.ticmais.pt\/index.php?rest_route=\/wp\/v2\/posts\/1322","targetHints":{"allow":["GET"]}}],"collection":[{"href":"https:\/\/www.ticmais.pt\/index.php?rest_route=\/wp\/v2\/posts"}],"about":[{"href":"https:\/\/www.ticmais.pt\/index.php?rest_route=\/wp\/v2\/types\/post"}],"author":[{"embeddable":true,"href":"https:\/\/www.ticmais.pt\/index.php?rest_route=\/wp\/v2\/users\/1"}],"replies":[{"embeddable":true,"href":"https:\/\/www.ticmais.pt\/index.php?rest_route=%2Fwp%2Fv2%2Fcomments&post=1322"}],"version-history":[{"count":0,"href":"https:\/\/www.ticmais.pt\/index.php?rest_route=\/wp\/v2\/posts\/1322\/revisions"}],"wp:attachment":[{"href":"https:\/\/www.ticmais.pt\/index.php?rest_route=%2Fwp%2Fv2%2Fmedia&parent=1322"}],"wp:term":[{"taxonomy":"category","embeddable":true,"href":"https:\/\/www.ticmais.pt\/index.php?rest_route=%2Fwp%2Fv2%2Fcategories&post=1322"},{"taxonomy":"post_tag","embeddable":true,"href":"https:\/\/www.ticmais.pt\/index.php?rest_route=%2Fwp%2Fv2%2Ftags&post=1322"}],"curies":[{"name":"wp","href":"https:\/\/api.w.org\/{rel}","templated":true}]}}