{"id":1323,"date":"2008-11-10T18:33:52","date_gmt":"2008-11-10T17:33:52","guid":{"rendered":"http:\/\/www.ticmais.pt\/?p=1323"},"modified":"2008-11-10T18:33:52","modified_gmt":"2008-11-10T17:33:52","slug":"estado-desperdica-80-milhoes-em-telecomunicacoes-segundo-a-apritel","status":"publish","type":"post","link":"https:\/\/www.ticmais.pt\/?p=1323","title":{"rendered":"Estado desperdi\u00e7a 80 milh\u00f5es em Telecomunica\u00e7\u00f5es segundo a APRITEL"},"content":{"rendered":"<table border=\"0\" cellspacing=\"5\" cellpadding=\"5\" width=\"100%\" align=\"justify\">\n<tbody>\n<tr>\n<td width=\"160\" valign=\"top\">\n<p align=\"justify\"><img decoding=\"async\" src=\"\/\/www.ticmais.pt\/ticmais\/imagens\/Estado%20desperdica%2080%20milhoes%20em%20Telecomunicacoes%20segundo%20a%20APRITEL.png\" alt=\"\" \/><\/p>\n<\/td>\n<td valign=\"top\">\n<p align=\"justify\">Foi apresentado um <a href=\"http:\/\/www.apritel.org\/noticias\/detalhes.php?id=907\" target=\"_blank\">estudo<\/a> da Associa\u00e7\u00e3o dos Operadores de Telecomunica\u00e7\u00f5es (<a href=\"http:\/\/www.apritel.org\/\" target=\"_blank\">APRITEL<\/a>) que defende que o Estado est\u00e1 a perder 80 milh\u00f5es de euros por ano em custos com comunica\u00e7\u00f5es electr\u00f3nicas.<\/p>\n<\/td>\n<\/tr>\n<\/tbody>\n<\/table>\n<p><!--more--><\/p>\n<table border=\"0\" cellspacing=\"5\" cellpadding=\"5\" width=\"100%\" align=\"justify\">\n<tbody>\n<tr>\n<td valign=\"top\">\n<p align=\"justify\">Depois de analisar os concursos lan\u00e7ados pela Administra\u00e7\u00e3o P\u00fablica Portuguesa na \u00e1rea das telecomunica\u00e7\u00f5es em 2008, s\u00e3o as conclus\u00f5es que aparecem no Observat\u00f3rio das Compras P\u00fablicas, uma iniciativa da APRITEL.<\/p>\n<p align=\"justify\">A associa\u00e7\u00e3o afirma que \u00abo Estado est\u00e1 a realizar concursos apenas para uma minoria dos contratos em curso\u00bb, destacando que \u00abdurante 2008 a Administra\u00e7\u00e3o P\u00fablica Central lan\u00e7ou a concurso p\u00fablico cerca de 100 milh\u00f5es de Euros, dos cerca de 200 a 300 milh\u00f5es de Euros que consome anualmente em servi\u00e7os de comunica\u00e7\u00f5es electr\u00f3nicas\u00bb.<\/p>\n<p align=\"justify\">Este \u00f3rg\u00e3o associativo defende que \u00aba esmagadora maioria\u00bb dos 13 concursos anunciados em 2008 \u00abn\u00e3o cumpriu os 7 crit\u00e9rios b\u00e1sicos das Boas Pr\u00e1ticas\u00bb, situa\u00e7\u00e3o que \u00abpiorou face \u00e0 j\u00e1 insatisfat\u00f3ria situa\u00e7\u00e3o de 2007, ano em que dos 14 concursos anunciados, apenas 2 cumpriram integralmente os crit\u00e9rios das Boas Pr\u00e1ticas\u00bb.<\/p>\n<p align=\"justify\">Para a associa\u00e7\u00e3o o problema destes concursos est\u00e1 na \u00abn\u00e3o divis\u00e3o por lotes geogr\u00e1ficos e\/ou de servi\u00e7os a concurso e por n\u00e3o permitirem o recurso, em condi\u00e7\u00f5es competitivas, \u00e0s ofertas grossistas existentes, o que limita o n\u00famero de operadores que se apresentam, e impede o Estado de usufruir das vantagens da concorr\u00eancia no mercado das telecomunica\u00e7\u00f5es\u00bb.<\/p>\n<p align=\"justify\">Com o objectivo de alterar esta situa\u00e7\u00e3o, a APRITEL apresentou um conjunto de medidas, que contemplam o fim do recurso ao ajusto directo como m\u00e9todo de contrata\u00e7\u00e3o de fornecedores de servi\u00e7os de telecomunica\u00e7\u00f5es ou a publica\u00e7\u00e3o atempada dos procedimentos dos concursos.<br \/>\n\u00a0<\/td>\n<\/tr>\n<tr>\n<td valign=\"top\">\n<p align=\"justify\">Fonte: <a href=\"http:\/\/sol.sapo.pt\/\" target=\"_blank\">Sol<\/a><\/p>\n<\/td>\n<\/tr>\n<\/tbody>\n<\/table>\n","protected":false},"excerpt":{"rendered":"<p>Foi apresentado um estudo da Associa\u00e7\u00e3o dos Operadores de Telecomunica\u00e7\u00f5es (APRITEL) que defende que o Estado est\u00e1 a perder 80 milh\u00f5es de euros por ano em custos com comunica\u00e7\u00f5es electr\u00f3nicas.<\/p>\n","protected":false},"author":1,"featured_media":0,"comment_status":"closed","ping_status":"open","sticky":false,"template":"","format":"standard","meta":{"footnotes":""},"categories":[15],"tags":[7,35],"class_list":["post-1323","post","type-post","status-publish","format-standard","hentry","category-tic-mais","tag-egov","tag-telecomunicacoes"],"_links":{"self":[{"href":"https:\/\/www.ticmais.pt\/index.php?rest_route=\/wp\/v2\/posts\/1323","targetHints":{"allow":["GET"]}}],"collection":[{"href":"https:\/\/www.ticmais.pt\/index.php?rest_route=\/wp\/v2\/posts"}],"about":[{"href":"https:\/\/www.ticmais.pt\/index.php?rest_route=\/wp\/v2\/types\/post"}],"author":[{"embeddable":true,"href":"https:\/\/www.ticmais.pt\/index.php?rest_route=\/wp\/v2\/users\/1"}],"replies":[{"embeddable":true,"href":"https:\/\/www.ticmais.pt\/index.php?rest_route=%2Fwp%2Fv2%2Fcomments&post=1323"}],"version-history":[{"count":0,"href":"https:\/\/www.ticmais.pt\/index.php?rest_route=\/wp\/v2\/posts\/1323\/revisions"}],"wp:attachment":[{"href":"https:\/\/www.ticmais.pt\/index.php?rest_route=%2Fwp%2Fv2%2Fmedia&parent=1323"}],"wp:term":[{"taxonomy":"category","embeddable":true,"href":"https:\/\/www.ticmais.pt\/index.php?rest_route=%2Fwp%2Fv2%2Fcategories&post=1323"},{"taxonomy":"post_tag","embeddable":true,"href":"https:\/\/www.ticmais.pt\/index.php?rest_route=%2Fwp%2Fv2%2Ftags&post=1323"}],"curies":[{"name":"wp","href":"https:\/\/api.w.org\/{rel}","templated":true}]}}