{"id":1327,"date":"2008-11-11T18:25:51","date_gmt":"2008-11-11T17:25:51","guid":{"rendered":"http:\/\/www.ticmais.pt\/?p=1327"},"modified":"2008-11-11T18:25:51","modified_gmt":"2008-11-11T17:25:51","slug":"entrevista-os-governos-devem-investir-em-fibra-que-pode-criar-um-impacto-positivo-na-economia","status":"publish","type":"post","link":"https:\/\/www.ticmais.pt\/?p=1327","title":{"rendered":"Entrevista: &#8220;Os Governos devem investir em fibra que pode criar um impacto positivo na economia&#8221;"},"content":{"rendered":"<table border=\"0\" cellspacing=\"5\" cellpadding=\"5\" width=\"100%\" align=\"justify\">\n<tbody>\n<tr>\n<td width=\"160\" valign=\"top\">\n<p align=\"justify\"><img decoding=\"async\" src=\"\/\/www.ticmais.pt\/ticmais\/imagens\/Entrevista%20Os%20Governos%20devem%20investir%20em%20fibra%20que%20pode%20criar%20um%20impacto%20positivo%20na%20economia.png\" alt=\"\" \/><\/p>\n<\/td>\n<td valign=\"top\">\n<p align=\"justify\">Com os investimentos em Fibra \u00d3ptica, nas chamadas redes de nova gera\u00e7\u00e3o, na ordem do dia, o TeK entrevistou Joeri Van Bogaert, presidente do FTTH Council Europe, uma organiza\u00e7\u00e3o que promove a adop\u00e7\u00e3o da Fibra \u00f3ptica at\u00e9 casa dos clientes. (<a href=\"http:\/\/tek.sapo.pt\/opiniao\/entrevista_os_governos_devem_investir_em_fibr_895666.html\" target=\"_blank\">Mais&#8230;)<\/a><\/p>\n<\/td>\n<\/tr>\n<\/tbody>\n<\/table>\n","protected":false},"excerpt":{"rendered":"<p>Com os investimentos em Fibra \u00d3ptica, nas chamadas redes de nova gera\u00e7\u00e3o, na ordem do dia, o TeK entrevistou Joeri Van Bogaert, presidente do FTTH Council Europe, uma organiza\u00e7\u00e3o que promove a adop\u00e7\u00e3o da Fibra \u00f3ptica at\u00e9 casa dos clientes. (Mais&#8230;)<\/p>\n","protected":false},"author":1,"featured_media":0,"comment_status":"closed","ping_status":"open","sticky":false,"template":"","format":"standard","meta":{"footnotes":""},"categories":[15],"tags":[31,32,124,34,86,35],"class_list":["post-1327","post","type-post","status-publish","format-standard","hentry","category-tic-mais","tag-3play","tag-4play","tag-fibra-optica","tag-internet","tag-redes","tag-telecomunicacoes"],"_links":{"self":[{"href":"https:\/\/www.ticmais.pt\/index.php?rest_route=\/wp\/v2\/posts\/1327","targetHints":{"allow":["GET"]}}],"collection":[{"href":"https:\/\/www.ticmais.pt\/index.php?rest_route=\/wp\/v2\/posts"}],"about":[{"href":"https:\/\/www.ticmais.pt\/index.php?rest_route=\/wp\/v2\/types\/post"}],"author":[{"embeddable":true,"href":"https:\/\/www.ticmais.pt\/index.php?rest_route=\/wp\/v2\/users\/1"}],"replies":[{"embeddable":true,"href":"https:\/\/www.ticmais.pt\/index.php?rest_route=%2Fwp%2Fv2%2Fcomments&post=1327"}],"version-history":[{"count":0,"href":"https:\/\/www.ticmais.pt\/index.php?rest_route=\/wp\/v2\/posts\/1327\/revisions"}],"wp:attachment":[{"href":"https:\/\/www.ticmais.pt\/index.php?rest_route=%2Fwp%2Fv2%2Fmedia&parent=1327"}],"wp:term":[{"taxonomy":"category","embeddable":true,"href":"https:\/\/www.ticmais.pt\/index.php?rest_route=%2Fwp%2Fv2%2Fcategories&post=1327"},{"taxonomy":"post_tag","embeddable":true,"href":"https:\/\/www.ticmais.pt\/index.php?rest_route=%2Fwp%2Fv2%2Ftags&post=1327"}],"curies":[{"name":"wp","href":"https:\/\/api.w.org\/{rel}","templated":true}]}}