{"id":1329,"date":"2008-11-12T05:55:07","date_gmt":"2008-11-12T04:55:07","guid":{"rendered":"http:\/\/www.ticmais.pt\/?p=1329"},"modified":"2008-11-12T05:55:07","modified_gmt":"2008-11-12T04:55:07","slug":"zon-analisa-investir-em-fibra-nas-regioes-de-menor-densidade-populacional","status":"publish","type":"post","link":"https:\/\/www.ticmais.pt\/?p=1329","title":{"rendered":"Zon analisa investir em fibra nas regi\u00f5es de menor densidade populacional"},"content":{"rendered":"<table border=\"0\" cellspacing=\"5\" cellpadding=\"5\" width=\"100%\" align=\"justify\">\n<tbody>\n<tr>\n<td width=\"160\" valign=\"top\">\n<p align=\"justify\"><img decoding=\"async\" src=\"\/\/www.ticmais.pt\/ticmais\/imagens\/zon-prepara-o-lancamento-de-internet-a-100mbps-para-2009.jpg\" border=\"0\" alt=\"\" \/><\/p>\n<\/td>\n<td valign=\"top\">\n<p align=\"justify\">Segundo o <a href=\"http:\/\/www.jornaldenegocios.pt\/\" target=\"_blank\">Jornal de Neg\u00f3cios<\/a>, a Zon est\u00e1 a estudar a possibilidade de avan\u00e7ar com liga\u00e7\u00f5es em fibra \u00f3ptica (que permite velocidades de acesso \u00e0 Internet muito superiores \u00e0s actuais) a casa dos clientes, nas zonas onde ainda n\u00e3o tem rede instalada.<\/p>\n<\/td>\n<\/tr>\n<\/tbody>\n<\/table>\n<p><!--more--><\/p>\n<table border=\"0\" cellspacing=\"5\" cellpadding=\"5\" width=\"100%\" align=\"justify\">\n<tbody>\n<tr>\n<td valign=\"top\">\n<p style=\"text-align: justify;\">Manuel Sequeira, director de Estrat\u00e9gia Tecnol\u00f3gica da Zon Multim\u00e9dia, admitiu, no decorrer do Congresso das Comunica\u00e7\u00f5es, numa sess\u00e3o que debateu as redes de nova gera\u00e7\u00e3o, que a fibra \u00f3ptica poder\u00e1 ser uma alternativa para a Zon, na medida em que os custos de constru\u00e7\u00e3o ser\u00e3o mais baixos do que o necess\u00e1rio para ligar as casas com a actual tecnologia de cabo (HFC).<\/p>\n<p style=\"text-align: justify;\">Por isso, onde o cabo ainda n\u00e3o chega, a op\u00e7\u00e3o da Zon pode passar pela fibra, decis\u00e3o que, no entanto, ainda n\u00e3o foi tomada. &#8220;Nas zonas com menor densidade e com penetra\u00e7\u00f5es mais baixas s\u00e3o boas localiza\u00e7\u00f5es para fazer fibra&#8221;. Mas para esta decis\u00e3o a Zon n\u00e3o ficar\u00e1 \u00e0 espera do enquadramento regulat\u00f3rio sobre as novas redes. No entanto, Manuel Sequeira admitiu, ao Neg\u00f3cios, que a Zon ficar\u00e1 a aguardar essas tomadas de posi\u00e7\u00f5es p\u00fablicas para avan\u00e7ar com investimentos em fibra em zonas onde j\u00e1 chega.<\/p>\n<\/td>\n<\/tr>\n<tr>\n<td style=\"background-color: #e2dedf;\"><strong>Not\u00edcias relacionadas:<br \/>\n<\/strong><a href=\"http:\/\/tek.sapo.pt\/noticias\/telecomunicacoes\/sonaecom_pode_desacelerar_ritmo_de_expansao_d_896055.html\" target=\"_blank\">Sonaecom pode desacelerar ritmo de expans\u00e3o da rede de fibra<\/a><br \/>\n<a href=\"http:\/\/tek.sapo.pt\/noticias\/telecomunicacoes\/18_congresso_da_apdc_pt_contraria_contas_da_c_896647.html\" target=\"_blank\">18\u00ba Congresso da APDC \u2013 PT contraria contas da concorr\u00eancia na fibra<\/a><br \/>\n<a href=\"http:\/\/tek.sapo.pt\/noticias\/telecomunicacoes\/18_congresso_carrapatoso_defende_que_estado_p_896650.html\" target=\"_blank\">18\u00ba Congresso &#8211; Carrapatoso defende que Estado poderia financiar NGN<\/a><br \/>\n<a href=\"http:\/\/tek.sapo.pt\/noticias\/telecomunicacoes\/18_congresso_zon_com_piloto_de_100mb_nas_amor_896651.html\" target=\"_blank\">18\u00ba Congresso &#8211; Zon com piloto de 100Mb nas Amoreiras<\/a><\/td>\n<\/tr>\n<\/tbody>\n<\/table>\n","protected":false},"excerpt":{"rendered":"<p>Segundo o Jornal de Neg\u00f3cios, a Zon est\u00e1 a estudar a possibilidade de avan\u00e7ar com liga\u00e7\u00f5es em fibra \u00f3ptica (que permite velocidades de acesso \u00e0 Internet muito superiores \u00e0s actuais) a casa dos clientes, nas zonas onde ainda n\u00e3o tem rede instalada.<\/p>\n","protected":false},"author":1,"featured_media":0,"comment_status":"closed","ping_status":"open","sticky":false,"template":"","format":"standard","meta":{"footnotes":""},"categories":[15],"tags":[31,32,34,86,35,110],"class_list":["post-1329","post","type-post","status-publish","format-standard","hentry","category-tic-mais","tag-3play","tag-4play","tag-internet","tag-redes","tag-telecomunicacoes","tag-zon"],"_links":{"self":[{"href":"https:\/\/www.ticmais.pt\/index.php?rest_route=\/wp\/v2\/posts\/1329","targetHints":{"allow":["GET"]}}],"collection":[{"href":"https:\/\/www.ticmais.pt\/index.php?rest_route=\/wp\/v2\/posts"}],"about":[{"href":"https:\/\/www.ticmais.pt\/index.php?rest_route=\/wp\/v2\/types\/post"}],"author":[{"embeddable":true,"href":"https:\/\/www.ticmais.pt\/index.php?rest_route=\/wp\/v2\/users\/1"}],"replies":[{"embeddable":true,"href":"https:\/\/www.ticmais.pt\/index.php?rest_route=%2Fwp%2Fv2%2Fcomments&post=1329"}],"version-history":[{"count":0,"href":"https:\/\/www.ticmais.pt\/index.php?rest_route=\/wp\/v2\/posts\/1329\/revisions"}],"wp:attachment":[{"href":"https:\/\/www.ticmais.pt\/index.php?rest_route=%2Fwp%2Fv2%2Fmedia&parent=1329"}],"wp:term":[{"taxonomy":"category","embeddable":true,"href":"https:\/\/www.ticmais.pt\/index.php?rest_route=%2Fwp%2Fv2%2Fcategories&post=1329"},{"taxonomy":"post_tag","embeddable":true,"href":"https:\/\/www.ticmais.pt\/index.php?rest_route=%2Fwp%2Fv2%2Ftags&post=1329"}],"curies":[{"name":"wp","href":"https:\/\/api.w.org\/{rel}","templated":true}]}}