{"id":1336,"date":"2008-11-14T03:11:08","date_gmt":"2008-11-14T02:11:08","guid":{"rendered":"http:\/\/www.ticmais.pt\/?p=1336"},"modified":"2008-11-14T03:11:08","modified_gmt":"2008-11-14T02:11:08","slug":"telecomunicacoes-cavaco-defende-que-poderes-publicos-devem-garantir-condicoes-de-igualdade-de-acesso-no-interior","status":"publish","type":"post","link":"https:\/\/www.ticmais.pt\/?p=1336","title":{"rendered":"Telecomunica\u00e7\u00f5es: Cavaco defende que Poderes P\u00fablicos devem garantir condi\u00e7\u00f5es de igualdade de acesso no interior"},"content":{"rendered":"<table border=\"0\" cellspacing=\"5\" cellpadding=\"5\" width=\"100%\" align=\"justify\">\n<tbody>\n<tr>\n<td width=\"160\" valign=\"top\">\n<p align=\"justify\"><img decoding=\"async\" src=\"\/\/www.ticmais.pt\/ticmais\/imagens\/Telecomunicacoes%20Cavaco%20defende%20que%20Poderes%20Publicos%20devem%20garantir%20condicoes%20de%20igualdade%20de%20acesso%20no%20interior.png\" alt=\"\" \/><\/p>\n<\/td>\n<td valign=\"top\">\n<p align=\"justify\">Cavaco Silva afirmou, na sess\u00e3o de abertura do 18\u00ba Congresso das Comunica\u00e7\u00f5es, \u00abSe, nas regi\u00f5es de maior densidade populacional, o ambiente concorrencial se traduziu na disponibiliza\u00e7\u00e3o de diversas plataformas tecnol\u00f3gicas de acesso, o mesmo n\u00e3o se tem verificado nas regi\u00f5es de menor densidade. Nestas constata-se que a oferta \u00e9 mais limitada e a concorr\u00eancia muito reduzida ou mesmo inexistente.\u00bb<\/p>\n<\/td>\n<\/tr>\n<\/tbody>\n<\/table>\n<p><!--more--><\/p>\n<table border=\"0\" cellspacing=\"5\" cellpadding=\"5\" width=\"100%\" align=\"justify\">\n<tbody>\n<tr>\n<td valign=\"top\">\n<p align=\"justify\">\u00abMais grave do que isso, h\u00e1 uma tend\u00eancia de exclus\u00e3o digital das zonas de menor poder de compra, estejam elas localizadas em \u00e1reas urbanas ou rurais\u00bb.<\/p>\n<p align=\"justify\">Perante este cen\u00e1rio, Cavaco Silva considera que os poderes p\u00fablicos devem garantir condi\u00e7\u00f5es de igualdade de acesso \u00e0s novas plataformas tecnol\u00f3gicas, afirmando que \u00abo caminho n\u00e3o pode deixar de ser o est\u00edmulo \u00e0 concorr\u00eancia\u00bb.<\/p>\n<p align=\"justify\">\u00abA discrimina\u00e7\u00e3o negativa no acesso \u00e0s comunica\u00e7\u00f5es constitui uma falha de mercado que p\u00f5e em causa a coes\u00e3o nacional. Se n\u00e3o for combatida, agravar\u00e1 os j\u00e1 de si severos problemas s\u00f3cio-econ\u00f3micos e demogr\u00e1ficos com que algumas regi\u00f5es se defrontam, originando, a m\u00e9dio prazo, novos focos de exclus\u00e3o social\u00bb, declarou.<\/p>\n<p align=\"justify\">Para o Presidente da Rep\u00fablica, as tecnologias digitais podem contribuir para agravar as assimetrias de desenvolvimento de Portugal. Por esse motivo \u00e9 que considera que o Governo e a regula\u00e7\u00e3o devem actuar, \u00abespecialmente em \u00e1reas onde a concorr\u00eancia \u00e9 limitada ou simplesmente n\u00e3o existe\u00bb e reduzir as assimetrias nas \u00abcondi\u00e7\u00f5es de acesso, velocidade, qualidade de servi\u00e7o e pre\u00e7o das comunica\u00e7\u00f5es.<\/p>\n<p align=\"justify\">&#8220;Sem estas novas redes, ser\u00e1 prejudicada a rentabilidade dos investimentos das autarquias em inova\u00e7\u00e3o e conhecimento, e ser\u00e1 significativo o risco de acr\u00e9scimo de novas desigualdades territoriais. N\u00e3o basta refor\u00e7ar as acessibilidades f\u00edsicas j\u00e1 existentes. \u00c9 preciso constituir novas alternativas de liga\u00e7\u00e3o das popula\u00e7\u00f5es e empresas aos mercados&#8221;, disse<\/p>\n<p align=\"justify\">&#8220;A aposta de alguns munic\u00edpios na constru\u00e7\u00e3o de infra-estruturas de comunica\u00e7\u00e3o de alto d\u00e9bito ir\u00e1 permitir dotar algumas regi\u00f5es de redes de utiliza\u00e7\u00e3o comum e abertas a todos os operadores que a\u00ed pretendam desenvolver a sua actividade. Importa, nestes casos, que os mecanismos de regula\u00e7\u00e3o garantam a todos os operadores condi\u00e7\u00f5es de verdadeira e s\u00e3 concorr\u00eancia, atrav\u00e9s do cumprimento de regras de equidade no acesso ao consumidor&#8221;, salientou.<\/p>\n<p align=\"justify\">Veja <a href=\"http:\/\/exameinformatica.clix.pt\/noticias\/mercados\/1000237.html\" target=\"_blank\"><span style=\"text-decoration: underline;\"><span style=\"color: #810081;\"><span style=\"color: #0000ff;\">aqui<\/span> <\/span><\/span><\/a>as conclus\u00f5es do 18\u00ba Congresso das Comunica\u00e7\u00f5es<\/p>\n<\/td>\n<\/tr>\n<tr>\n<td style=\"background-color: #ccffcc;\">\n<p align=\"justify\"><strong>Notas\u00a0TICMAIS<\/strong>:<\/p>\n<p align=\"justify\"><span style=\"color: #800000;\"><strong>Os munic\u00edpios t\u00eam tamb\u00e9m aqui um papel muito importante\u00a0a assumir para\u00a0ajudar a\u00a0contrariar\u00a0esta situa\u00e7\u00e3o.<\/strong><\/span><\/p>\n<p align=\"justify\"><span style=\"color: #800000;\"><strong>Al\u00e9m\u00a0de ser necess\u00e1rio\u00a0&#8220;baterem-se&#8221;\u00a0por este tipo de infraestruturas como se &#8220;batem&#8221;\u00a0por outras,\u00a0\u00e9 preciso\u00a0pensar em pol\u00edticas p\u00fablicas inteligentes, que podem n\u00e3o passar apenas pelo investimento do\u00a0Poder Central\u00a0e dos Operadores, mas por candidaturas a programas comunit\u00e1rios, parcerias e\u00a0pela gest\u00e3o mais eficiente do espa\u00e7o p\u00fablico, com planeamento da infra-estrutura que j\u00e1 instale condutas para telecomunica\u00e7\u00f5es para passar a fibra quando se est\u00e3o a fazer outras obras, como instala\u00e7\u00e3o de arruamentos,\u00a0electricidade, \u00e1gua ou g\u00e1s.<\/strong><\/span><\/p>\n<\/td>\n<\/tr>\n<tr>\n<td style=\"height: 1px;\">\u00a0<\/td>\n<\/tr>\n<tr>\n<td style=\"background-color: #e2dedf;\" valign=\"top\">\n<p align=\"justify\"><strong>Not\u00edcias relacionadas:<br \/>\n<\/strong><a href=\"http:\/\/www.ticmais.pt\/?p=693\" target=\"_self\">Panorama da Net em Coruche (\u00e9 bom lembrar)<\/a><br \/>\n<a href=\"http:\/\/www.ticmais.pt\/?p=673\" target=\"_self\">Coruche \u2013 um duplo custo de interioridade<\/a><br \/>\n<a href=\"http:\/\/www.ticmais.pt\/?p=556\" target=\"_self\">A Internet em Coruche teima em n\u00e3o melhorar<\/a><br \/>\n<a href=\"http:\/\/www.ticmais.pt\/?p=281\" target=\"_self\">Projecto \u201cLez\u00edria em Rede\u201d &#8211; 1\u00aa Fase<\/a><br \/>\n<a href=\"http:\/\/www.ticmais.pt\/?p=523\" target=\"_self\">Coruche precisa de uma pol\u00edtica p\u00fablica de inclus\u00e3o digital e de banda larga a pre\u00e7os estreitos<\/a><\/td>\n<\/tr>\n<\/tbody>\n<\/table>\n","protected":false},"excerpt":{"rendered":"<p>Cavaco Silva afirmou, na sess\u00e3o de abertura do 18\u00ba Congresso das Comunica\u00e7\u00f5es, \u00abSe, nas regi\u00f5es de maior densidade populacional, o ambiente concorrencial se traduziu na disponibiliza\u00e7\u00e3o de diversas plataformas tecnol\u00f3gicas de acesso, o mesmo n\u00e3o se tem verificado nas regi\u00f5es de menor densidade. Nestas constata-se que a oferta \u00e9 mais limitada e a concorr\u00eancia muito [&hellip;]<\/p>\n","protected":false},"author":1,"featured_media":0,"comment_status":"closed","ping_status":"open","sticky":false,"template":"","format":"standard","meta":{"footnotes":""},"categories":[15],"tags":[8,33,34,132,35],"class_list":["post-1336","post","type-post","status-publish","format-standard","hentry","category-tic-mais","tag-inclusao-digital","tag-interioridade","tag-internet","tag-portugal","tag-telecomunicacoes"],"_links":{"self":[{"href":"https:\/\/www.ticmais.pt\/index.php?rest_route=\/wp\/v2\/posts\/1336","targetHints":{"allow":["GET"]}}],"collection":[{"href":"https:\/\/www.ticmais.pt\/index.php?rest_route=\/wp\/v2\/posts"}],"about":[{"href":"https:\/\/www.ticmais.pt\/index.php?rest_route=\/wp\/v2\/types\/post"}],"author":[{"embeddable":true,"href":"https:\/\/www.ticmais.pt\/index.php?rest_route=\/wp\/v2\/users\/1"}],"replies":[{"embeddable":true,"href":"https:\/\/www.ticmais.pt\/index.php?rest_route=%2Fwp%2Fv2%2Fcomments&post=1336"}],"version-history":[{"count":0,"href":"https:\/\/www.ticmais.pt\/index.php?rest_route=\/wp\/v2\/posts\/1336\/revisions"}],"wp:attachment":[{"href":"https:\/\/www.ticmais.pt\/index.php?rest_route=%2Fwp%2Fv2%2Fmedia&parent=1336"}],"wp:term":[{"taxonomy":"category","embeddable":true,"href":"https:\/\/www.ticmais.pt\/index.php?rest_route=%2Fwp%2Fv2%2Fcategories&post=1336"},{"taxonomy":"post_tag","embeddable":true,"href":"https:\/\/www.ticmais.pt\/index.php?rest_route=%2Fwp%2Fv2%2Ftags&post=1336"}],"curies":[{"name":"wp","href":"https:\/\/api.w.org\/{rel}","templated":true}]}}