{"id":1339,"date":"2008-11-14T18:01:31","date_gmt":"2008-11-14T17:01:31","guid":{"rendered":"http:\/\/www.ticmais.pt\/?p=1339"},"modified":"2008-11-14T18:01:31","modified_gmt":"2008-11-14T17:01:31","slug":"espanha-com-cobertura-de-banda-larga-perto-dos-100","status":"publish","type":"post","link":"https:\/\/www.ticmais.pt\/?p=1339","title":{"rendered":"Espanha com cobertura de banda larga perto dos 100%"},"content":{"rendered":"<table border=\"0\" cellspacing=\"5\" cellpadding=\"5\" width=\"100%\" align=\"justify\">\n<tbody>\n<tr>\n<td width=\"160\" valign=\"top\">\n<p align=\"justify\"><img decoding=\"async\" src=\"\/\/www.ticmais.pt\/ticmais\/imagens\/Espanha%20com%20cobertura%20de%20banda%20larga%20perto%20dos%20100%20A.jpg\" alt=\"\" \/><\/p>\n<\/td>\n<td valign=\"top\">\n<p align=\"justify\">A quase totalidade dos cidad\u00e3os espanh\u00f3is (99%) v\u00e3o poder aceder \u00e0 Internet atrav\u00e9s de uma liga\u00e7\u00e3o de banda larga at\u00e9 ao final deste ano. Estes dados foram revelados pelo secret\u00e1rio de Estado das Telecomunica\u00e7\u00f5es e da Sociedade da Informa\u00e7\u00e3o do Governo de Zapatero, na inaugura\u00e7\u00e3o do IV Congresso XBRL, que decorre em Espanha.<\/p>\n<\/td>\n<\/tr>\n<\/tbody>\n<\/table>\n<p><!--more--><\/p>\n<table border=\"0\" cellspacing=\"5\" cellpadding=\"5\" width=\"100%\" align=\"justify\">\n<tbody>\n<tr>\n<td valign=\"top\">\n<p align=\"justify\">De acordo com o El Mundo Francisco Ros defendeu que quando se fala \u00abem cobertura, provavelmente Espanha \u00e9 um dos poucos pa\u00edses do mundo que lidera a disponibilidade de infra-estruturas de banda larga ao servi\u00e7o dos cidad\u00e3os\u00bb.<\/p>\n<p>Com base em dados oficiais do Governo do pa\u00eds vizinho actualmente cerca de 4 por cento das liga\u00e7\u00f5es \u00e0 Rede em Espanha s\u00e3o de baixa velocidade.<\/td>\n<\/tr>\n<tr>\n<td valign=\"top\">\n<p align=\"justify\">Fonte:<a href=\"http:\/\/www.i-gov.org\/\" target=\"_blank\">iGOV Central<\/a><\/p>\n<\/td>\n<\/tr>\n<\/tbody>\n<\/table>\n","protected":false},"excerpt":{"rendered":"<p>A quase totalidade dos cidad\u00e3os espanh\u00f3is (99%) v\u00e3o poder aceder \u00e0 Internet atrav\u00e9s de uma liga\u00e7\u00e3o de banda larga at\u00e9 ao final deste ano. Estes dados foram revelados pelo secret\u00e1rio de Estado das Telecomunica\u00e7\u00f5es e da Sociedade da Informa\u00e7\u00e3o do Governo de Zapatero, na inaugura\u00e7\u00e3o do IV Congresso XBRL, que decorre em Espanha.<\/p>\n","protected":false},"author":1,"featured_media":0,"comment_status":"closed","ping_status":"open","sticky":false,"template":"","format":"standard","meta":{"footnotes":""},"categories":[15],"tags":[151,34,86],"class_list":["post-1339","post","type-post","status-publish","format-standard","hentry","category-tic-mais","tag-espanha","tag-internet","tag-redes"],"_links":{"self":[{"href":"https:\/\/www.ticmais.pt\/index.php?rest_route=\/wp\/v2\/posts\/1339","targetHints":{"allow":["GET"]}}],"collection":[{"href":"https:\/\/www.ticmais.pt\/index.php?rest_route=\/wp\/v2\/posts"}],"about":[{"href":"https:\/\/www.ticmais.pt\/index.php?rest_route=\/wp\/v2\/types\/post"}],"author":[{"embeddable":true,"href":"https:\/\/www.ticmais.pt\/index.php?rest_route=\/wp\/v2\/users\/1"}],"replies":[{"embeddable":true,"href":"https:\/\/www.ticmais.pt\/index.php?rest_route=%2Fwp%2Fv2%2Fcomments&post=1339"}],"version-history":[{"count":0,"href":"https:\/\/www.ticmais.pt\/index.php?rest_route=\/wp\/v2\/posts\/1339\/revisions"}],"wp:attachment":[{"href":"https:\/\/www.ticmais.pt\/index.php?rest_route=%2Fwp%2Fv2%2Fmedia&parent=1339"}],"wp:term":[{"taxonomy":"category","embeddable":true,"href":"https:\/\/www.ticmais.pt\/index.php?rest_route=%2Fwp%2Fv2%2Fcategories&post=1339"},{"taxonomy":"post_tag","embeddable":true,"href":"https:\/\/www.ticmais.pt\/index.php?rest_route=%2Fwp%2Fv2%2Ftags&post=1339"}],"curies":[{"name":"wp","href":"https:\/\/api.w.org\/{rel}","templated":true}]}}