{"id":1344,"date":"2008-11-16T19:46:47","date_gmt":"2008-11-16T19:46:47","guid":{"rendered":"http:\/\/www.ticmais.pt\/?p=1344"},"modified":"2008-11-16T19:46:47","modified_gmt":"2008-11-16T19:46:47","slug":"amd-conesus-o-concorrente-do-atom","status":"publish","type":"post","link":"https:\/\/www.ticmais.pt\/?p=1344","title":{"rendered":"AMD Conesus: o concorrente do Atom"},"content":{"rendered":"<table border=\"0\" cellspacing=\"5\" cellpadding=\"5\" width=\"100%\" align=\"justify\">\n<tbody>\n<tr>\n<td width=\"160\" valign=\"top\">\n<p align=\"justify\"><img decoding=\"async\" src=\"\/\/www.ticmais.pt\/ticmais\/imagens\/AMD%20Conesus%20o%20concorrente%20do%20Atom.jpg\" alt=\"\" \/><\/p>\n<\/td>\n<td valign=\"top\">\n<p align=\"justify\">A AMD prepara-se para apresentar em Janeiro de 2009, no CES Consumer Electronics Show, aquele que pretende ser um\u00a0s\u00e9rio opositor ao Intel Atom,\u00a0o AMD Conesus.<\/p>\n<\/td>\n<\/tr>\n<\/tbody>\n<\/table>\n<p><!--more--><\/p>\n<table border=\"0\" cellspacing=\"5\" cellpadding=\"5\" width=\"100%\" align=\"justify\">\n<tbody>\n<tr>\n<td valign=\"top\">\n<p align=\"justify\">Este processador vem concorrer directamente com o Atom da Intel no mercado dos netbooks.<\/p>\n<p>Desenvolvido com a tecnologia de 45 nan\u00f3metros, a primeira vers\u00e3o deste processador vai ainda ter suporte a mem\u00f3ria DDR2, dois n\u00facleos, 1 MB de mem\u00f3ria cache, possivelmente 2 x 512 Kb ou porventura 512 Kbs por n\u00facleo.<\/td>\n<\/tr>\n<tr>\n<td valign=\"top\">\n<p align=\"justify\">Fonte:<a href=\"http:\/\/www.wintech.com.pt\/\" target=\"_blank\">Win Tech<\/a><\/p>\n<\/td>\n<\/tr>\n<\/tbody>\n<\/table>\n","protected":false},"excerpt":{"rendered":"<p>A AMD prepara-se para apresentar em Janeiro de 2009, no CES Consumer Electronics Show, aquele que pretende ser um\u00a0s\u00e9rio opositor ao Intel Atom,\u00a0o AMD Conesus.<\/p>\n","protected":false},"author":1,"featured_media":0,"comment_status":"closed","ping_status":"closed","sticky":false,"template":"","format":"standard","meta":{"footnotes":""},"categories":[15],"tags":[154,155],"class_list":["post-1344","post","type-post","status-publish","format-standard","hentry","category-tic-mais","tag-amd","tag-processadores"],"_links":{"self":[{"href":"https:\/\/www.ticmais.pt\/index.php?rest_route=\/wp\/v2\/posts\/1344","targetHints":{"allow":["GET"]}}],"collection":[{"href":"https:\/\/www.ticmais.pt\/index.php?rest_route=\/wp\/v2\/posts"}],"about":[{"href":"https:\/\/www.ticmais.pt\/index.php?rest_route=\/wp\/v2\/types\/post"}],"author":[{"embeddable":true,"href":"https:\/\/www.ticmais.pt\/index.php?rest_route=\/wp\/v2\/users\/1"}],"replies":[{"embeddable":true,"href":"https:\/\/www.ticmais.pt\/index.php?rest_route=%2Fwp%2Fv2%2Fcomments&post=1344"}],"version-history":[{"count":0,"href":"https:\/\/www.ticmais.pt\/index.php?rest_route=\/wp\/v2\/posts\/1344\/revisions"}],"wp:attachment":[{"href":"https:\/\/www.ticmais.pt\/index.php?rest_route=%2Fwp%2Fv2%2Fmedia&parent=1344"}],"wp:term":[{"taxonomy":"category","embeddable":true,"href":"https:\/\/www.ticmais.pt\/index.php?rest_route=%2Fwp%2Fv2%2Fcategories&post=1344"},{"taxonomy":"post_tag","embeddable":true,"href":"https:\/\/www.ticmais.pt\/index.php?rest_route=%2Fwp%2Fv2%2Ftags&post=1344"}],"curies":[{"name":"wp","href":"https:\/\/api.w.org\/{rel}","templated":true}]}}