{"id":1350,"date":"2008-11-18T02:06:51","date_gmt":"2008-11-18T02:06:51","guid":{"rendered":"http:\/\/www.ticmais.pt\/?p=1350"},"modified":"2008-11-18T02:06:51","modified_gmt":"2008-11-18T02:06:51","slug":"calor-do-motor-vira-electricidade-com-o-dobro-de-eficiencia","status":"publish","type":"post","link":"https:\/\/www.ticmais.pt\/?p=1350","title":{"rendered":"Calor do motor vira electricidade com o dobro de efici\u00eancia"},"content":{"rendered":"<table border=\"0\" cellspacing=\"5\" cellpadding=\"5\" width=\"100%\" align=\"justify\">\n<tbody>\n<tr>\n<td width=\"160\" valign=\"top\">\n<p align=\"justify\"><img decoding=\"async\" src=\"\/\/www.ticmais.pt\/ticmais\/imagens\/Calor%20do%20motor%20vira%20electricidade%20com%20o%20dobro%20de%20eficiencia.jpg\" alt=\"\" \/><\/p>\n<\/td>\n<td valign=\"top\">\n<p align=\"justify\">Os materiais termoel\u00e9ctricos j\u00e1 s\u00e3o utilizados para aquecer e resfriar os bancos dos carros de luxo. Mas os engenheiros querem us\u00e1-los de forma muito mais eficiente e gerar electricidade que ajudar\u00e1 a movimentar os ve\u00edculos com um menor gasto de combust\u00edvel.<\/p>\n<p>(<a href=\"http:\/\/www.inovacaotecnologica.com.br\/noticias\/noticia.php?artigo=calor-do-motor-vira-eletricidade-com-o-dobro-de-eficiencia&amp;id=010115081117\" target=\"_blank\">Mais&#8230;)<\/a><\/td>\n<\/tr>\n<\/tbody>\n<\/table>\n","protected":false},"excerpt":{"rendered":"<p>Os materiais termoel\u00e9ctricos j\u00e1 s\u00e3o utilizados para aquecer e resfriar os bancos dos carros de luxo. Mas os engenheiros querem us\u00e1-los de forma muito mais eficiente e gerar electricidade que ajudar\u00e1 a movimentar os ve\u00edculos com um menor gasto de combust\u00edvel. (Mais&#8230;)<\/p>\n","protected":false},"author":1,"featured_media":0,"comment_status":"closed","ping_status":"closed","sticky":false,"template":"","format":"standard","meta":{"footnotes":""},"categories":[15],"tags":[53,158],"class_list":["post-1350","post","type-post","status-publish","format-standard","hentry","category-tic-mais","tag-eficiencia-energetica","tag-energia"],"_links":{"self":[{"href":"https:\/\/www.ticmais.pt\/index.php?rest_route=\/wp\/v2\/posts\/1350","targetHints":{"allow":["GET"]}}],"collection":[{"href":"https:\/\/www.ticmais.pt\/index.php?rest_route=\/wp\/v2\/posts"}],"about":[{"href":"https:\/\/www.ticmais.pt\/index.php?rest_route=\/wp\/v2\/types\/post"}],"author":[{"embeddable":true,"href":"https:\/\/www.ticmais.pt\/index.php?rest_route=\/wp\/v2\/users\/1"}],"replies":[{"embeddable":true,"href":"https:\/\/www.ticmais.pt\/index.php?rest_route=%2Fwp%2Fv2%2Fcomments&post=1350"}],"version-history":[{"count":0,"href":"https:\/\/www.ticmais.pt\/index.php?rest_route=\/wp\/v2\/posts\/1350\/revisions"}],"wp:attachment":[{"href":"https:\/\/www.ticmais.pt\/index.php?rest_route=%2Fwp%2Fv2%2Fmedia&parent=1350"}],"wp:term":[{"taxonomy":"category","embeddable":true,"href":"https:\/\/www.ticmais.pt\/index.php?rest_route=%2Fwp%2Fv2%2Fcategories&post=1350"},{"taxonomy":"post_tag","embeddable":true,"href":"https:\/\/www.ticmais.pt\/index.php?rest_route=%2Fwp%2Fv2%2Ftags&post=1350"}],"curies":[{"name":"wp","href":"https:\/\/api.w.org\/{rel}","templated":true}]}}