{"id":1351,"date":"2008-11-17T20:40:13","date_gmt":"2008-11-17T20:40:13","guid":{"rendered":"http:\/\/www.ticmais.pt\/?p=1351"},"modified":"2008-11-17T20:40:13","modified_gmt":"2008-11-17T20:40:13","slug":"magalhaes-retirados-depois-da-saida-de-socrates","status":"publish","type":"post","link":"https:\/\/www.ticmais.pt\/?p=1351","title":{"rendered":"&#8220;Magalh\u00e3es&#8221; retirados depois da sa\u00edda de S\u00f3crates"},"content":{"rendered":"<table border=\"0\" cellspacing=\"5\" cellpadding=\"5\" width=\"100%\" align=\"justify\">\n<tbody>\n<tr>\n<td width=\"160\" valign=\"top\">\n<p align=\"justify\"><img decoding=\"async\" src=\"\/\/www.ticmais.pt\/ticmais\/imagens\/Magalhaes%20retirados%20depois%20da%20saida%20de%20Socrates1.jpg\" alt=\"\" \/><\/p>\n<\/td>\n<td valign=\"top\">\n<p align=\"justify\">Segundo o <a href=\"http:\/\/jn.sapo.pt\/\" target=\"_blank\">JN<\/a>, na passada quarta-feira, Jos\u00e9 S\u00f3crates distribuiu mais de 250 Magalh\u00e3es em Ponte de Lima. No entanto, no final do dia os alunos tiveram que os devolver porque era apenas uma &#8220;experi\u00eancia&#8221; j\u00e1 que falta cumprir as formalidades.<\/p>\n<\/td>\n<\/tr>\n<\/tbody>\n<\/table>\n<p><!--more--><\/p>\n<table border=\"0\" cellspacing=\"5\" cellpadding=\"5\" width=\"100%\" align=\"justify\">\n<tbody>\n<tr>\n<td valign=\"top\">\n<p align=\"justify\">Perante esta iniciativa os alunos n\u00e3o esconderam a sua alegria, s\u00f3 que foi sol de pouca dura.<br \/>\n\u00a0<br \/>\nOntem veio a saber-se que, depois da comunica\u00e7\u00e3o social ter registado o momento e os governantes partirem, os alunos tiveram que os devolver.<br \/>\n\u00a0<br \/>\nDaniel Campelo, presidente da C\u00e2mara de Ponte de Lima confirmou ao JN que a entrega foi uma &#8220;experi\u00eancia&#8221; para os jovens &#8220;se familiarizarem com os computadores&#8221; e que os alunos estavam devidamente avisados que n\u00e3o iriam ficar com eles para j\u00e1. Segundo o presidente do Munic\u00edpio, os 259 Magalh\u00e3es est\u00e3o nas instala\u00e7\u00f5es das escolas \u00e0 espera que se cumpram as necess\u00e1rias formalidades e o pagamento para serem entregues. O autarca referiu que no dia n\u00e3o se apercebeu de nada de anormal e que &#8220;n\u00e3o acha mal nenhum&#8221; na iniciativa.<\/p>\n<p align=\"justify\">O JN contactou o gabinete do primeiro-ministro que afirmou desconhecer por completo a situa\u00e7\u00e3o, salientando que n\u00e3o teve qualquer papel na organiza\u00e7\u00e3o da cerim\u00f3nia, cabendo a mesma ao Minist\u00e9rio da Educa\u00e7\u00e3o.<\/p>\n<p align=\"justify\">A directora Regional de Educa\u00e7\u00e3o do Norte garantiu ontem \u00e0 ag\u00eancia Lusa que o facto dos computadores terem ficado na escola se deveu &#8220;\u00fanica e exclusivamente \u00e0 metodologia adoptada&#8221; pelos docentes de Freixo.<\/p>\n<p align=\"justify\">&#8220;Os professores optaram por trabalhar mais intensivamente a socializa\u00e7\u00e3o dos alunos com os computadores e, por isso, decidiram que nesta fase inicial aquela ferramenta ficaria na escola. T\u00e3o simples como isto&#8221;, garantiu Margarida Moreira, salientando ainda que os alunos da Escola de Ref\u00f3ios j\u00e1 est\u00e3o a levar os seus computadores para casa.<\/p>\n<\/td>\n<\/tr>\n<tr>\n<td valign=\"top\">\n<p align=\"justify\">Fonte: <a href=\"http:\/\/jn.sapo.pt\/\" target=\"_blank\">JN<\/a><\/p>\n<\/td>\n<\/tr>\n<\/tbody>\n<\/table>\n","protected":false},"excerpt":{"rendered":"<p>Segundo o JN, na passada quarta-feira, Jos\u00e9 S\u00f3crates distribuiu mais de 250 Magalh\u00e3es em Ponte de Lima. No entanto, no final do dia os alunos tiveram que os devolver porque era apenas uma &#8220;experi\u00eancia&#8221; j\u00e1 que falta cumprir as formalidades.<\/p>\n","protected":false},"author":1,"featured_media":0,"comment_status":"closed","ping_status":"closed","sticky":false,"template":"","format":"standard","meta":{"footnotes":""},"categories":[15],"tags":[63,20,64,18],"class_list":["post-1351","post","type-post","status-publish","format-standard","hentry","category-tic-mais","tag-e-escolinha","tag-ensino","tag-magalhaes","tag-plano-tecnologico"],"_links":{"self":[{"href":"https:\/\/www.ticmais.pt\/index.php?rest_route=\/wp\/v2\/posts\/1351","targetHints":{"allow":["GET"]}}],"collection":[{"href":"https:\/\/www.ticmais.pt\/index.php?rest_route=\/wp\/v2\/posts"}],"about":[{"href":"https:\/\/www.ticmais.pt\/index.php?rest_route=\/wp\/v2\/types\/post"}],"author":[{"embeddable":true,"href":"https:\/\/www.ticmais.pt\/index.php?rest_route=\/wp\/v2\/users\/1"}],"replies":[{"embeddable":true,"href":"https:\/\/www.ticmais.pt\/index.php?rest_route=%2Fwp%2Fv2%2Fcomments&post=1351"}],"version-history":[{"count":0,"href":"https:\/\/www.ticmais.pt\/index.php?rest_route=\/wp\/v2\/posts\/1351\/revisions"}],"wp:attachment":[{"href":"https:\/\/www.ticmais.pt\/index.php?rest_route=%2Fwp%2Fv2%2Fmedia&parent=1351"}],"wp:term":[{"taxonomy":"category","embeddable":true,"href":"https:\/\/www.ticmais.pt\/index.php?rest_route=%2Fwp%2Fv2%2Fcategories&post=1351"},{"taxonomy":"post_tag","embeddable":true,"href":"https:\/\/www.ticmais.pt\/index.php?rest_route=%2Fwp%2Fv2%2Ftags&post=1351"}],"curies":[{"name":"wp","href":"https:\/\/api.w.org\/{rel}","templated":true}]}}