{"id":1353,"date":"2008-11-18T21:06:49","date_gmt":"2008-11-18T21:06:49","guid":{"rendered":"http:\/\/www.ticmais.pt\/?p=1353"},"modified":"2008-11-18T21:06:49","modified_gmt":"2008-11-18T21:06:49","slug":"portal-europeana-nasce-a-20-de-novembro","status":"publish","type":"post","link":"https:\/\/www.ticmais.pt\/?p=1353","title":{"rendered":"Portal Europeana nasce a 20 de Novembro"},"content":{"rendered":"<table border=\"0\" cellspacing=\"5\" cellpadding=\"5\" width=\"100%\" align=\"justify\">\n<tbody>\n<tr>\n<td width=\"160\" valign=\"top\">\n<p align=\"justify\"><img decoding=\"async\" src=\"\/\/www.ticmais.pt\/ticmais\/imagens\/Portal%20Europeana%20nasce%20a%2020%20de%20Novembro.png\" alt=\"\" \/><\/p>\n<\/td>\n<td valign=\"top\">\n<p align=\"justify\">Vai\u00a0ser\u00a0 lan\u00e7ada\u00a0na pr\u00f3xima quinta-feira a <a href=\"http:\/\/www.europeana.eu\/home.php\" target=\"_blank\">Europeana<\/a>, a Biblioteca Digital Europeia, uma base de dados desenvolvida pela Comiss\u00e3o Europeia, que \u00e9 simultaneamente biblioteca, museu e arquivo digital.<\/p>\n<\/td>\n<\/tr>\n<\/tbody>\n<\/table>\n<p><!--more--><\/p>\n<table border=\"0\" cellspacing=\"5\" cellpadding=\"5\" width=\"100%\" align=\"justify\">\n<tbody>\n<tr>\n<td valign=\"top\">\n<p align=\"justify\">Inicialmente a plataforma dar\u00e1 acesso a 2 milh\u00f5es de obras, designadamente filmes, pinturas, sons, mapas, manuscritos, livros, jornais e documentos de arquivo, provenientes de institui\u00e7\u00f5es dos 27 pa\u00edses da Uni\u00e3o Europeia, prevendo-se que at\u00e9 2010 esse n\u00famero ronde\u00a0os 10 milh\u00f5es.<\/p>\n<p style=\"text-align: justify;\">&#8220;Agora que complet\u00e1mos o puzzle e junt\u00e1mos todas as pe\u00e7as, estamos perto de lan\u00e7ar ao mundo um novo desafio: inspirar novo pensamento e levar as pessoas a trocar ideias&#8221;, l\u00ea-se no portal da Europeana, onde estar\u00e1 escrito nas l\u00ednguas da Uni\u00e3o Europeia o lema da biblioteca digital: &#8220;Pensar Cultura&#8221;.<\/p>\n<p align=\"justify\">&#8220;A Europeana representa uma alian\u00e7a in\u00e9dita entre as novas tecnologias e o mundo da cultura. Estou convencida de que modificar\u00e1 de maneira profunda a forma como cada um ter\u00e1 acesso a partir de agora ao patrim\u00f3nio cultural europeu&#8221;, afirmou a comiss\u00e1ria europeia da Sociedade de Informa\u00e7\u00e3o e Media, Viviane Reding, que tem a seu cargo o lan\u00e7amento do portal.<\/p>\n<\/td>\n<\/tr>\n<\/tbody>\n<\/table>\n","protected":false},"excerpt":{"rendered":"<p>Vai\u00a0ser\u00a0 lan\u00e7ada\u00a0na pr\u00f3xima quinta-feira a Europeana, a Biblioteca Digital Europeia, uma base de dados desenvolvida pela Comiss\u00e3o Europeia, que \u00e9 simultaneamente biblioteca, museu e arquivo digital.<\/p>\n","protected":false},"author":1,"featured_media":0,"comment_status":"closed","ping_status":"closed","sticky":false,"template":"","format":"standard","meta":{"footnotes":""},"categories":[15],"tags":[159,99],"class_list":["post-1353","post","type-post","status-publish","format-standard","hentry","category-tic-mais","tag-europeana","tag-uniao-europeia"],"_links":{"self":[{"href":"https:\/\/www.ticmais.pt\/index.php?rest_route=\/wp\/v2\/posts\/1353","targetHints":{"allow":["GET"]}}],"collection":[{"href":"https:\/\/www.ticmais.pt\/index.php?rest_route=\/wp\/v2\/posts"}],"about":[{"href":"https:\/\/www.ticmais.pt\/index.php?rest_route=\/wp\/v2\/types\/post"}],"author":[{"embeddable":true,"href":"https:\/\/www.ticmais.pt\/index.php?rest_route=\/wp\/v2\/users\/1"}],"replies":[{"embeddable":true,"href":"https:\/\/www.ticmais.pt\/index.php?rest_route=%2Fwp%2Fv2%2Fcomments&post=1353"}],"version-history":[{"count":0,"href":"https:\/\/www.ticmais.pt\/index.php?rest_route=\/wp\/v2\/posts\/1353\/revisions"}],"wp:attachment":[{"href":"https:\/\/www.ticmais.pt\/index.php?rest_route=%2Fwp%2Fv2%2Fmedia&parent=1353"}],"wp:term":[{"taxonomy":"category","embeddable":true,"href":"https:\/\/www.ticmais.pt\/index.php?rest_route=%2Fwp%2Fv2%2Fcategories&post=1353"},{"taxonomy":"post_tag","embeddable":true,"href":"https:\/\/www.ticmais.pt\/index.php?rest_route=%2Fwp%2Fv2%2Ftags&post=1353"}],"curies":[{"name":"wp","href":"https:\/\/api.w.org\/{rel}","templated":true}]}}