{"id":1359,"date":"2008-11-20T16:41:57","date_gmt":"2008-11-20T16:41:57","guid":{"rendered":"http:\/\/www.ticmais.pt\/?p=1359"},"modified":"2008-11-20T16:41:57","modified_gmt":"2008-11-20T16:41:57","slug":"empresa-norueguesa-interessada-em-produzir-carros-electricos-em-portugal","status":"publish","type":"post","link":"https:\/\/www.ticmais.pt\/?p=1359","title":{"rendered":"Empresa norueguesa interessada em produzir carros el\u00e9ctricos em Portugal"},"content":{"rendered":"<table border=\"0\" cellspacing=\"5\" cellpadding=\"5\" width=\"100%\" align=\"justify\">\n<tbody>\n<tr>\n<td width=\"160\" valign=\"top\">\n<p align=\"justify\"><img decoding=\"async\" src=\"\/\/www.ticmais.pt\/ticmais\/imagens\/Empresa%20norueguesa%20interessada%20em%20produzir%20carros%20electricos%20em%20Portugal3.jpg\" alt=\"\" \/><\/p>\n<\/td>\n<td valign=\"top\">\n<p align=\"justify\">Uma empresa norueguesa, A Elbil Norge da Noruega est\u00e1 a negociar com o Governo portugu\u00eas a instala\u00e7\u00e3o de uma f\u00e1brica no Norte do pa\u00eds, num investimento de 25 milh\u00f5es de euros, de acordo com declara\u00e7\u00f5es do presidente executivo da empresa, Hans H. Kvisle.<\/p>\n<\/td>\n<\/tr>\n<\/tbody>\n<\/table>\n<p><!--more--><\/p>\n<table border=\"0\" cellspacing=\"5\" cellpadding=\"5\" width=\"100%\" align=\"justify\">\n<tbody>\n<tr>\n<td valign=\"top\">\n<p align=\"justify\">Come\u00e7am a surgir cada vez mais exemplos de marcas de autom\u00f3veis que apresentam vers\u00f5es el\u00e9ctricas dos seus modelos convencionais, casos do <a href=\"http:\/\/news.automotor.xl.pt\/?s=16&amp;n=17395&amp;nivel=3\" target=\"_blank\">Smart fortwo<\/a>, do <a href=\"http:\/\/www.noticiasautomotivas.com.br\/nice-car-tem-tambem-fiat-500-eletrico\/\" target=\"_blank\">Fiat 500<\/a>, ou do desportivo <a href=\"http:\/\/www.autohoje.com\/index.php?option=com_content&amp;task=view&amp;id=73624&amp;Itemid=54\" target=\"_blank\">Tesla<\/a>.<br \/>\n\u00a0<br \/>\nSegundo o Jornal de Neg\u00f3cios, desta vez \u00e9 uma empresa norueguesa que est\u00e1 a negociar com as entidades portuguesas a instala\u00e7\u00e3o de uma f\u00e1brica unicamente vocacionada para este tipo de ve\u00edculos.<\/p>\n<p>O autom\u00f3vel chama-se <a href=\"http:\/\/www.elbilnorge.no\/\" target=\"_blank\">Buddy<\/a> e est\u00e1 a j\u00e1 ser vendido h\u00e1 cerca de 10 anos na Noruega, com vendas de 500 unidades por ano, na Noruega.<\/p>\n<p align=\"justify\">Ainda de acordo com o Jornal de Neg\u00f3cios, a Noruega \u00e9 o pa\u00eds do Mundo com maior \u00edndice de carros el\u00e9ctricos por habitante e a Elbil Norge pretende aumentar a produ\u00e7\u00e3o do carro para cinco mil unidades por ano, e chegar \u00e0s 20 mil unidades, daqui a cinco anos.<\/p>\n<p style=\"text-align: center;\" align=\"justify\"><img decoding=\"async\" class=\"aligncenter\" src=\"\/\/www.ticmais.pt\/ticmais\/imagens\/Empresa%20norueguesa%20interessada%20em%20produzir%20carros%20electricos%20em%20Portugal1.jpg\" alt=\"\" \/><\/p>\n<p style=\"text-align: center;\"><img decoding=\"async\" class=\"aligncenter\" src=\"\/\/www.ticmais.pt\/ticmais\/imagens\/Empresa%20norueguesa%20interessada%20em%20produzir%20carros%20electricos%20em%20Portugal2.jpg\" alt=\"\" \/><\/p>\n<\/td>\n<\/tr>\n<tr>\n<td valign=\"top\">\n<p align=\"justify\">Fonte: <a href=\"http:\/\/sol.sapo.pt\/\" target=\"_blank\">Sol<\/a><\/p>\n<\/td>\n<\/tr>\n<tr>\n<td style=\"background-color: #e2dedf;\">Not\u00edcias relacionadas:<br \/>\n<a href=\"http:\/\/www.correiodamanha.pt\/noticia.aspx?contentid=55CC1C78-D17D-4A9E-8472-434638EBACF2&amp;channelid=00000011-0000-0000-0000-000000000011\" target=\"_blank\">Espanha poder\u00e1 fabricar o Nissan<\/a><br \/>\n<a href=\"http:\/\/www.agenciafinanceira.iol.pt\/noticia.php?id=1016137&amp;div_id=1728\" target=\"_blank\">Governo e Renault-Nissan assinam hoje acordo para ve\u00edculos el\u00e9ctricos<\/a><br \/>\n<a href=\"http:\/\/sic.aeiou.pt\/online\/noticias\/dinheiro\/Socrates+anuncia+beneficios+na+assinatura+do+acordo+com+Renault-Nissan.htm\" target=\"_blank\">S\u00f3crates anuncia benef\u00edcios de IRS e isen\u00e7\u00f5es fiscais<\/a><br \/>\n<a href=\"http:\/\/www.autohoje.com\/index.php?option=com_content&amp;task=view&amp;id=74305&amp;Itemid=54\" target=\"_blank\">Mitsubishi i-MiEV<\/a><br \/>\n<a href=\"http:\/\/www.ticmais.pt\/?p=1361\" target=\"_self\">Nissan Denki Cube apresentado em lisboa<\/a><\/td>\n<\/tr>\n<\/tbody>\n<\/table>\n","protected":false},"excerpt":{"rendered":"<p>Uma empresa norueguesa, A Elbil Norge da Noruega est\u00e1 a negociar com o Governo portugu\u00eas a instala\u00e7\u00e3o de uma f\u00e1brica no Norte do pa\u00eds, num investimento de 25 milh\u00f5es de euros, de acordo com declara\u00e7\u00f5es do presidente executivo da empresa, Hans H. Kvisle.<\/p>\n","protected":false},"author":1,"featured_media":0,"comment_status":"closed","ping_status":"closed","sticky":false,"template":"","format":"standard","meta":{"footnotes":""},"categories":[15],"tags":[24,67,25,113,59],"class_list":["post-1359","post","type-post","status-publish","format-standard","hentry","category-tic-mais","tag-ambiente","tag-celula-de-combustivel","tag-ecologia-e-desenvolvimento-sustentavel","tag-transportes","tag-veiculos-electricos"],"_links":{"self":[{"href":"https:\/\/www.ticmais.pt\/index.php?rest_route=\/wp\/v2\/posts\/1359","targetHints":{"allow":["GET"]}}],"collection":[{"href":"https:\/\/www.ticmais.pt\/index.php?rest_route=\/wp\/v2\/posts"}],"about":[{"href":"https:\/\/www.ticmais.pt\/index.php?rest_route=\/wp\/v2\/types\/post"}],"author":[{"embeddable":true,"href":"https:\/\/www.ticmais.pt\/index.php?rest_route=\/wp\/v2\/users\/1"}],"replies":[{"embeddable":true,"href":"https:\/\/www.ticmais.pt\/index.php?rest_route=%2Fwp%2Fv2%2Fcomments&post=1359"}],"version-history":[{"count":0,"href":"https:\/\/www.ticmais.pt\/index.php?rest_route=\/wp\/v2\/posts\/1359\/revisions"}],"wp:attachment":[{"href":"https:\/\/www.ticmais.pt\/index.php?rest_route=%2Fwp%2Fv2%2Fmedia&parent=1359"}],"wp:term":[{"taxonomy":"category","embeddable":true,"href":"https:\/\/www.ticmais.pt\/index.php?rest_route=%2Fwp%2Fv2%2Fcategories&post=1359"},{"taxonomy":"post_tag","embeddable":true,"href":"https:\/\/www.ticmais.pt\/index.php?rest_route=%2Fwp%2Fv2%2Ftags&post=1359"}],"curies":[{"name":"wp","href":"https:\/\/api.w.org\/{rel}","templated":true}]}}