{"id":1361,"date":"2008-11-22T01:56:39","date_gmt":"2008-11-22T01:56:39","guid":{"rendered":"http:\/\/www.ticmais.pt\/?p=1361"},"modified":"2008-11-22T01:56:39","modified_gmt":"2008-11-22T01:56:39","slug":"nissan-denki-cube-apresentado-em-lisboa","status":"publish","type":"post","link":"https:\/\/www.ticmais.pt\/?p=1361","title":{"rendered":"Nissan Denki Cube apresentado em lisboa"},"content":{"rendered":"<table style=\"text-align: center;\" border=\"0\" cellspacing=\"5\" cellpadding=\"5\" width=\"100%\" align=\"justify\">\n<tbody>\n<tr>\n<td width=\"160\" valign=\"top\">\n<p align=\"justify\"><img decoding=\"async\" src=\"\/\/www.ticmais.pt\/ticmais\/imagens\/Nissan%20Denki%20Cube%20apresentado%20em%20lisboa1a.png\" alt=\"\" \/><\/p>\n<\/td>\n<td valign=\"top\">\n<p align=\"justify\">A Nissan apresentou sexta-feira, dia 21 de Novembro, na exposi\u00e7\u00e3o <a href=\"http:\/\/www.portugaltecnologico.fil.pt\/\" target=\"_blank\">Portugal Tecnol\u00f3gico 2008<\/a>, que termina domingo na FIL,\u00a0o seu prot\u00f3tipo de carro 100% el\u00e9ctrico, denominado Denki Cube, cujas formas c\u00fabicas fazem dele um autom\u00f3vel singular.<\/p>\n<p>\u00a0<\/td>\n<\/tr>\n<\/tbody>\n<\/table>\n<p><!--more--><\/p>\n<table style=\"text-align: center;\" border=\"0\" cellspacing=\"5\" cellpadding=\"5\" width=\"100%\" align=\"justify\">\n<tbody>\n<tr>\n<td style=\"TEXT-ALIGN: justify\">Este modelo, equipado com um pequeno motor el\u00e9ctrico, associado a baterias de ion-litio, desenvolvidas em parceria com a Nissan e a NEC,\u00a0 s\u00e3o capazes de fornecer energia para uma autonomia de 160 quil\u00f3metros, e atingir uma velocidade m\u00e1xima de 120 km\/h. S\u00e3o necess\u00e1rias oito horas para recarregar as baterias.<\/td>\n<\/tr>\n<tr>\n<td valign=\"top\">\n<p style=\"text-align: center;\"><img decoding=\"async\" class=\"aligncenter\" src=\"\/\/www.ticmais.pt\/ticmais\/imagens\/Nissan%20Denki%20Cube%20apresentado%20em%20lisboa2.jpg\" alt=\"\" \/><\/p>\n<p style=\"text-align: justify;\">Todos os elementos deste concept car foram pensados para optimizar a utiliza\u00e7\u00e3o da energia e salientar o seu car\u00e1cter ecol\u00f3gico.<\/p>\n<p style=\"text-align: justify;\"><strong>Inova\u00e7\u00e3o tecnol\u00f3gica<br \/>\n<\/strong><br \/>\nA tecnologia exclusiva da Nissan no desenvolvimento de baterias compactas de i\u00f5es de l\u00edtio possibilita o armazenamento do dobro de energia relativamente a outros sistemas, abrindo assim o caminho para o futuro dos carros de emiss\u00f5es zero, ao mesmo tempo que reduz os custos de produ\u00e7\u00e3o.<\/p>\n<p style=\"text-align: justify;\">O amplo habit\u00e1culo do Denki Cube e o seu design interior de linhas suaves propiciam uma atmosfera relaxante, soci\u00e1vel e bastante agrad\u00e1vel.<\/p>\n<\/td>\n<\/tr>\n<tr>\n<td><img decoding=\"async\" class=\"aligncenter\" src=\"\/\/www.ticmais.pt\/ticmais\/imagens\/Nissan%20Denki%20Cube%20apresentado%20em%20lisboa5.jpg\" alt=\"\" \/><\/td>\n<\/tr>\n<tr>\n<td style=\"TEXT-ALIGN: justify\">Tem duas filas de bancos, por baixo dos quais se encontram as baterias de i\u00f5es de l\u00edtio.<\/td>\n<\/tr>\n<tr>\n<td>\n<p style=\"text-align: center;\" align=\"justify\"><img decoding=\"async\" src=\"\/\/www.ticmais.pt\/ticmais\/imagens\/Nissan%20Denki%20Cube%20apresentado%20em%20lisboa4.jpg\" alt=\"\" \/><\/p>\n<\/td>\n<\/tr>\n<tr>\n<td valign=\"top\">\n<p align=\"justify\">Fonte: <a href=\"http:\/\/www.lusomotores.com\" target=\"_blank\">Luso Motores<\/a><\/p>\n<\/td>\n<\/tr>\n<tr>\n<td style=\"background-color: #e2dedf; text-align: left;\">Not\u00edcias relacionadas:<br \/>\n<a href=\"http:\/\/www.correiodamanha.pt\/noticia.aspx?contentid=55CC1C78-D17D-4A9E-8472-434638EBACF2&amp;channelid=00000011-0000-0000-0000-000000000011\" target=\"_blank\">Espanha poder\u00e1 fabricar o Nissan<\/a><br \/>\n<a href=\"http:\/\/www.agenciafinanceira.iol.pt\/noticia.php?id=1016137&amp;div_id=1728\" target=\"_blank\">Governo e Renault-Nissan assinam hoje acordo para ve\u00edculos el\u00e9ctricos<\/a><br \/>\n<a href=\"http:\/\/sic.aeiou.pt\/online\/noticias\/dinheiro\/Socrates+anuncia+beneficios+na+assinatura+do+acordo+com+Renault-Nissan.htm\" target=\"_blank\">S\u00f3crates anuncia benef\u00edcios de IRS e isen\u00e7\u00f5es fiscais<\/a><br \/>\n<a href=\"http:\/\/www.autohoje.com\/index.php?option=com_content&amp;task=view&amp;id=74305&amp;Itemid=54\" target=\"_blank\">Mitsubishi i-MiEV<\/a><\/td>\n<\/tr>\n<\/tbody>\n<\/table>\n","protected":false},"excerpt":{"rendered":"<p>A Nissan apresentou sexta-feira, dia 21 de Novembro, na exposi\u00e7\u00e3o Portugal Tecnol\u00f3gico 2008, que termina domingo na FIL,\u00a0o seu prot\u00f3tipo de carro 100% el\u00e9ctrico, denominado Denki Cube, cujas formas c\u00fabicas fazem dele um autom\u00f3vel singular. \u00a0<\/p>\n","protected":false},"author":1,"featured_media":0,"comment_status":"closed","ping_status":"closed","sticky":false,"template":"","format":"standard","meta":{"footnotes":""},"categories":[15],"tags":[],"class_list":["post-1361","post","type-post","status-publish","format-standard","hentry","category-tic-mais"],"_links":{"self":[{"href":"https:\/\/www.ticmais.pt\/index.php?rest_route=\/wp\/v2\/posts\/1361","targetHints":{"allow":["GET"]}}],"collection":[{"href":"https:\/\/www.ticmais.pt\/index.php?rest_route=\/wp\/v2\/posts"}],"about":[{"href":"https:\/\/www.ticmais.pt\/index.php?rest_route=\/wp\/v2\/types\/post"}],"author":[{"embeddable":true,"href":"https:\/\/www.ticmais.pt\/index.php?rest_route=\/wp\/v2\/users\/1"}],"replies":[{"embeddable":true,"href":"https:\/\/www.ticmais.pt\/index.php?rest_route=%2Fwp%2Fv2%2Fcomments&post=1361"}],"version-history":[{"count":0,"href":"https:\/\/www.ticmais.pt\/index.php?rest_route=\/wp\/v2\/posts\/1361\/revisions"}],"wp:attachment":[{"href":"https:\/\/www.ticmais.pt\/index.php?rest_route=%2Fwp%2Fv2%2Fmedia&parent=1361"}],"wp:term":[{"taxonomy":"category","embeddable":true,"href":"https:\/\/www.ticmais.pt\/index.php?rest_route=%2Fwp%2Fv2%2Fcategories&post=1361"},{"taxonomy":"post_tag","embeddable":true,"href":"https:\/\/www.ticmais.pt\/index.php?rest_route=%2Fwp%2Fv2%2Ftags&post=1361"}],"curies":[{"name":"wp","href":"https:\/\/api.w.org\/{rel}","templated":true}]}}