{"id":1368,"date":"2008-11-25T21:34:35","date_gmt":"2008-11-25T21:34:35","guid":{"rendered":"http:\/\/www.ticmais.pt\/?p=1368"},"modified":"2008-11-25T21:34:35","modified_gmt":"2008-11-25T21:34:35","slug":"previsao-de-quebra-das-vendas-de-telemoveis-em-2009","status":"publish","type":"post","link":"https:\/\/www.ticmais.pt\/?p=1368","title":{"rendered":"Previs\u00e3o de quebra das vendas de telem\u00f3veis em 2009"},"content":{"rendered":"<table border=\"0\" cellspacing=\"5\" cellpadding=\"5\" width=\"100%\" align=\"justify\">\n<tbody>\n<tr>\n<td width=\"160\" valign=\"top\">\n<p align=\"justify\"><img decoding=\"async\" src=\"\/\/www.ticmais.pt\/ticmais\/imagens\/Previsao%20de%20quebra%20das%20vendas%20de%20telemoveis%20em%202009.jpg\" alt=\"\" \/><\/p>\n<\/td>\n<td valign=\"top\">\n<p align=\"justify\">Embora apontando para um muito pequeno decr\u00e9scimo, a consultora <a href=\"http:\/\/www.gartner.com\/\" target=\"_blank\">Gartner<\/a> prev\u00ea que o mesmo ser\u00e1 reflexo do impacto da crise econ\u00f3mica que se faz sentir, e que far\u00e1 os consumidores refrear as suas inten\u00e7\u00f5es de compra.<br \/>\nA manter-se esta previs\u00e3o, ser\u00e1 a primeira queda desde 2001 nas vendas de telem\u00f3veis a n\u00edvel mundial.<\/td>\n<\/tr>\n<\/tbody>\n<\/table>\n<p><!--more--><\/p>\n<table border=\"0\" cellspacing=\"5\" cellpadding=\"5\" width=\"100%\" align=\"justify\">\n<tbody>\n<tr>\n<td valign=\"top\">\n<p align=\"justify\">A acompanhar estas previs\u00f5es, tamb\u00e9m os fabricantes est\u00e3o a rever em baixa as suas estimativas, tendo em conta uma poss\u00edvel recess\u00e3o econ\u00f3mica.<\/p>\n<p>A comprovar esta an\u00e1lise, \u00e9 o caso da <a href=\"http:\/\/www.nokia.com\/\" target=\"_blank\">Nokia<\/a>, que mudou as suas previs\u00f5es no in\u00edcio deste m\u00eas e a da <a href=\"http:\/\/www.samsung.com\/\" target=\"_blank\">Samsung<\/a>, que hoje colocava a hip\u00f3tese do crescimento das vendas de telem\u00f3veis para 2008 ficarem aqu\u00e9m dos nove por cento previstos inicialmente.<\/p>\n<p align=\"justify\">Para o pr\u00f3ximo ano, a Samsung conjectura que o mercado mundial possa crescer apenas um d\u00edgito ou registe memo uma queda.<\/p>\n<p align=\"justify\">Em rela\u00e7\u00e3o ao terceiro trimestre de 2008, a Gartner fala de 308,5 milh\u00f5es de telem\u00f3veis vendidos a n\u00edvel mundial, o que corresponde a um crescimento de seis por cento comparativamente com igual per\u00edodo de 2007.<br \/>\n\u00a0<br \/>\nDurante o mesmo per\u00edodo, na Europa Ocidental, as vendas totalizaram 54,3 milh\u00f5es de unidades comercializadas (menos oito por cento).<\/td>\n<\/tr>\n<tr>\n<td valign=\"top\">\n<p align=\"justify\">Fonte: <a href=\"http:\/\/tek.sapo.pt\/\" target=\"_blank\">Tek SAPO<\/a><\/p>\n<\/td>\n<\/tr>\n<\/tbody>\n<\/table>\n","protected":false},"excerpt":{"rendered":"<p>Embora apontando para um muito pequeno decr\u00e9scimo, a consultora Gartner prev\u00ea que o mesmo ser\u00e1 reflexo do impacto da crise econ\u00f3mica que se faz sentir, e que far\u00e1 os consumidores refrear as suas inten\u00e7\u00f5es de compra. A manter-se esta previs\u00e3o, ser\u00e1 a primeira queda desde 2001 nas vendas de telem\u00f3veis a n\u00edvel mundial.<\/p>\n","protected":false},"author":1,"featured_media":0,"comment_status":"closed","ping_status":"closed","sticky":false,"template":"","format":"standard","meta":{"footnotes":""},"categories":[15],"tags":[35,88],"class_list":["post-1368","post","type-post","status-publish","format-standard","hentry","category-tic-mais","tag-telecomunicacoes","tag-telemoveis"],"_links":{"self":[{"href":"https:\/\/www.ticmais.pt\/index.php?rest_route=\/wp\/v2\/posts\/1368","targetHints":{"allow":["GET"]}}],"collection":[{"href":"https:\/\/www.ticmais.pt\/index.php?rest_route=\/wp\/v2\/posts"}],"about":[{"href":"https:\/\/www.ticmais.pt\/index.php?rest_route=\/wp\/v2\/types\/post"}],"author":[{"embeddable":true,"href":"https:\/\/www.ticmais.pt\/index.php?rest_route=\/wp\/v2\/users\/1"}],"replies":[{"embeddable":true,"href":"https:\/\/www.ticmais.pt\/index.php?rest_route=%2Fwp%2Fv2%2Fcomments&post=1368"}],"version-history":[{"count":0,"href":"https:\/\/www.ticmais.pt\/index.php?rest_route=\/wp\/v2\/posts\/1368\/revisions"}],"wp:attachment":[{"href":"https:\/\/www.ticmais.pt\/index.php?rest_route=%2Fwp%2Fv2%2Fmedia&parent=1368"}],"wp:term":[{"taxonomy":"category","embeddable":true,"href":"https:\/\/www.ticmais.pt\/index.php?rest_route=%2Fwp%2Fv2%2Fcategories&post=1368"},{"taxonomy":"post_tag","embeddable":true,"href":"https:\/\/www.ticmais.pt\/index.php?rest_route=%2Fwp%2Fv2%2Ftags&post=1368"}],"curies":[{"name":"wp","href":"https:\/\/api.w.org\/{rel}","templated":true}]}}