{"id":1369,"date":"2008-11-25T22:19:23","date_gmt":"2008-11-25T22:19:23","guid":{"rendered":"http:\/\/www.ticmais.pt\/?p=1369"},"modified":"2008-11-25T22:19:23","modified_gmt":"2008-11-25T22:19:23","slug":"apple-podera-entrar-no-mercado-dos-netbooks","status":"publish","type":"post","link":"https:\/\/www.ticmais.pt\/?p=1369","title":{"rendered":"Apple poder\u00e1 entrar no mercado dos netbooks"},"content":{"rendered":"<table border=\"0\" cellspacing=\"5\" cellpadding=\"5\" width=\"100%\" align=\"justify\">\n<tbody>\n<tr>\n<td width=\"160\" valign=\"top\">\n<p align=\"justify\"><img decoding=\"async\" src=\"\/\/www.ticmais.pt\/ticmais\/imagens\/Apple%20podera%20entrar%20no%20mercado%20dos%20netbooks.jpg\" alt=\"\" \/><\/p>\n<\/td>\n<td valign=\"top\">\n<p align=\"justify\">Segundo o analista Ezra Gottheil, da <a href=\"http:\/\/www.tbri.com\/\" target=\"_blank\">Technology Business Research<\/a>,\u00a0a Apple vai baixar o pre\u00e7o dos seus port\u00e1teis ultra-leves e dever\u00e1 lan\u00e7ar um novo modelo de pre\u00e7o reduzido no primeiro semestre de 2009.<\/p>\n<\/td>\n<\/tr>\n<\/tbody>\n<\/table>\n<p><!--more--><\/p>\n<table border=\"0\" cellspacing=\"5\" cellpadding=\"5\" width=\"100%\" align=\"justify\">\n<tbody>\n<tr>\n<td valign=\"top\">\n<p align=\"justify\">De modo a enfrentar o crescimento do mercado dos netbooks, a Apple planeia reduzir os pre\u00e7os dos seus port\u00e1teis ultra-leves e, presumivelmente, lan\u00e7ar\u00e1, no primeiro trimestre do pr\u00f3ximo ano, um computador port\u00e1til de baixo custo, de acordo com o analista.<\/p>\n<p align=\"justify\">Embora a <a href=\"http:\/\/www.apple.com\/pt\/\" target=\"_blank\">Apple<\/a> n\u00e3o v\u00e1 concorrer directamente com os netbooks, ter\u00e1 que replicar com algo que o analista caracteriza como um \u00abcaderno de n\u00edvel de entrada\u00bb, que permita competir com os computadores port\u00e1teis com pre\u00e7os entre os 230 e os 380 euros.<\/p>\n<p align=\"justify\">Segundo o referido analista, o port\u00e1til a ser lan\u00e7ado pela Apple dever\u00e1 custar cerca de 460 euros e ter\u00e1 mais parecen\u00e7as com um MacBook do que com um MacBook Air.<\/p>\n<\/td>\n<\/tr>\n<tr>\n<td valign=\"top\">\n<p align=\"justify\">Fonte: <a href=\"http:\/\/sol.sapo.pt\/\" target=\"_blank\">Sol<\/a><\/p>\n<\/td>\n<\/tr>\n<\/tbody>\n<\/table>\n","protected":false},"excerpt":{"rendered":"<p>Segundo o analista Ezra Gottheil, da Technology Business Research,\u00a0a Apple vai baixar o pre\u00e7o dos seus port\u00e1teis ultra-leves e dever\u00e1 lan\u00e7ar um novo modelo de pre\u00e7o reduzido no primeiro semestre de 2009.<\/p>\n","protected":false},"author":1,"featured_media":0,"comment_status":"closed","ping_status":"closed","sticky":false,"template":"","format":"standard","meta":{"footnotes":""},"categories":[15],"tags":[103,72,80],"class_list":["post-1369","post","type-post","status-publish","format-standard","hentry","category-tic-mais","tag-apple","tag-hardware","tag-netbooks"],"_links":{"self":[{"href":"https:\/\/www.ticmais.pt\/index.php?rest_route=\/wp\/v2\/posts\/1369","targetHints":{"allow":["GET"]}}],"collection":[{"href":"https:\/\/www.ticmais.pt\/index.php?rest_route=\/wp\/v2\/posts"}],"about":[{"href":"https:\/\/www.ticmais.pt\/index.php?rest_route=\/wp\/v2\/types\/post"}],"author":[{"embeddable":true,"href":"https:\/\/www.ticmais.pt\/index.php?rest_route=\/wp\/v2\/users\/1"}],"replies":[{"embeddable":true,"href":"https:\/\/www.ticmais.pt\/index.php?rest_route=%2Fwp%2Fv2%2Fcomments&post=1369"}],"version-history":[{"count":0,"href":"https:\/\/www.ticmais.pt\/index.php?rest_route=\/wp\/v2\/posts\/1369\/revisions"}],"wp:attachment":[{"href":"https:\/\/www.ticmais.pt\/index.php?rest_route=%2Fwp%2Fv2%2Fmedia&parent=1369"}],"wp:term":[{"taxonomy":"category","embeddable":true,"href":"https:\/\/www.ticmais.pt\/index.php?rest_route=%2Fwp%2Fv2%2Fcategories&post=1369"},{"taxonomy":"post_tag","embeddable":true,"href":"https:\/\/www.ticmais.pt\/index.php?rest_route=%2Fwp%2Fv2%2Ftags&post=1369"}],"curies":[{"name":"wp","href":"https:\/\/api.w.org\/{rel}","templated":true}]}}