{"id":1370,"date":"2008-11-25T22:39:55","date_gmt":"2008-11-25T22:39:55","guid":{"rendered":"http:\/\/www.ticmais.pt\/?p=1370"},"modified":"2008-11-25T22:39:55","modified_gmt":"2008-11-25T22:39:55","slug":"simulacao-mostra-progressao-de-alzheimer-e-parkinson-no-cerebro","status":"publish","type":"post","link":"https:\/\/www.ticmais.pt\/?p=1370","title":{"rendered":"Simula\u00e7\u00e3o mostra progress\u00e3o de Alzheimer e Parkinson no c\u00e9rebro"},"content":{"rendered":"<table border=\"0\" cellspacing=\"5\" cellpadding=\"5\" width=\"100%\" align=\"justify\">\n<tbody>\n<tr>\n<td width=\"160\" valign=\"top\">\n<p align=\"justify\"><img decoding=\"async\" src=\"\/\/www.ticmais.pt\/ticmais\/imagens\/Simulacao%20mostra%20progressao%20de%20Alzheimer%20e%20Parkinson%20no%20cerebro1.jpg\" alt=\"\" \/><\/p>\n<\/td>\n<td valign=\"top\">\n<p align=\"justify\">Segundo o portal <a href=\"http:\/\/www.inovacaotecnologica.com.br\/\" target=\"_blank\">Inova\u00e7\u00e3o Tecnol\u00f3gica<\/a>, esta imagem mostra a interac\u00e7\u00e3o anormal de prote\u00ednas no c\u00e9rebro das pessoas que sofrem simultaneamente dos males de Alzheimer e de Parkinson.<\/p>\n<p align=\"justify\">\u00a0<\/p>\n<\/td>\n<\/tr>\n<\/tbody>\n<\/table>\n<p><!--more--><\/p>\n<table border=\"0\" cellspacing=\"5\" cellpadding=\"5\" width=\"100%\" align=\"justify\">\n<tbody>\n<tr>\n<td valign=\"top\">\n<p align=\"justify\">Seria necess\u00e1rio uma resolu\u00e7\u00e3o 10 vezes maior do que a mostrada aqui para que se pudesse ver todos os detalhes das interac\u00e7\u00f5es at\u00f3micas estudadas nesta simula\u00e7\u00e3o in\u00e9dita, que consumiu 800.000 horas de CPU do International Science Grid, a maior rede de recursos de processamento compartilhado do mundo dedicado \u00e0s pesquisas cient\u00edficas.<\/p>\n<p align=\"justify\"><strong>Simula\u00e7\u00e3o celular<\/strong><\/p>\n<p align=\"justify\">Os limites de cada uma das superf\u00edcies correspondem aos limites de cada \u00e1tomo, cada um deles representado como uma superf\u00edcie esf\u00e9rica abstracta conhecida como superf\u00edcie de van der Walls. As linhas que d\u00e3o \u00e0s diversas partes da imagem o aspecto de continuidade s\u00e3o as liga\u00e7\u00f5es covalentes entre esses \u00e1tomos &#8211; nesta resolu\u00e7\u00e3o elas s\u00e3o melhor vistas na parte verde, que representa a membrana da c\u00e9lula nervosa.<\/p>\n<p align=\"justify\"><strong>Abeta e alfa-sinucle\u00edna<\/strong><\/p>\n<p align=\"justify\">Embora v\u00e1rias prote\u00ednas estejam representadas na imagem, as que mais interessam aos pesquisadores s\u00e3o a alfa-sinucle\u00edna (mostrada na cor laranja) e a amil\u00f3ide Abeta &#8211; a prote\u00edna que causa o mal de Alzheimer \u00e0 medida que se acumula no c\u00e9rebro.<\/p>\n<p style=\"TEXT-ALIGN: center\"><img decoding=\"async\" class=\"aligncenter\" src=\"\/\/www.ticmais.pt\/ticmais\/imagens\/Simulacao%20mostra%20progressao%20de%20Alzheimer%20e%20Parkinson%20no%20cerebro.jpg\" alt=\"\" \/><span class=\"diminuto\" style=\"font-size: 9px;\">[Imagem:\u00a0Igor Tsigelny]<\/span><\/p>\n<p align=\"justify\">Quando a Abeta se liga \u00e0 alfa-sinucle\u00edna, elas criam complexas prote\u00ednas h\u00edbridas anormais, chamadas olig\u00f4meros, que se ligam mais fortemente \u00e0s membranas celulares dos neur\u00f4nios &#8211; o que, por sua vez, aumenta a acumula\u00e7\u00e3o da alfa-sinucle\u00edna, acelerando o desenvolvimento do Mal Alzheimer. Os olig\u00f4meros tamb\u00e9m criam poros, pequenos buracos na membrana celular, matando a c\u00e9lula. Esse processo acelera o Mal de Parkinson.<\/p>\n<p align=\"justify\">Agora que conseguiram visualizar em detalhes a interac\u00e7\u00e3o entre as prote\u00ednas e a parede celular dos neur\u00f3nios, os cientistas v\u00e3o tentar descobrir as caracter\u00edsticas necess\u00e1rias de um composto qu\u00edmico que possa inibir essa agrega\u00e7\u00e3o anormal e evitar o avan\u00e7o das doen\u00e7as e, no futuro, at\u00e9 mesmo revert\u00ea-las.<\/p>\n<\/td>\n<\/tr>\n<tr>\n<td valign=\"top\">\n<p align=\"justify\">Fonte: <a href=\"http:\/\/www.inovacaotecnologica.com.br\/\" target=\"_blank\">Inova\u00e7\u00e3o Tecnol\u00f3gica<\/a><\/p>\n<\/td>\n<\/tr>\n<\/tbody>\n<\/table>\n","protected":false},"excerpt":{"rendered":"<p>Segundo o portal Inova\u00e7\u00e3o Tecnol\u00f3gica, esta imagem mostra a interac\u00e7\u00e3o anormal de prote\u00ednas no c\u00e9rebro das pessoas que sofrem simultaneamente dos males de Alzheimer e de Parkinson. \u00a0<\/p>\n","protected":false},"author":1,"featured_media":0,"comment_status":"closed","ping_status":"closed","sticky":false,"template":"","format":"standard","meta":{"footnotes":""},"categories":[15],"tags":[81,28],"class_list":["post-1370","post","type-post","status-publish","format-standard","hentry","category-tic-mais","tag-ciencia","tag-tecnologia"],"_links":{"self":[{"href":"https:\/\/www.ticmais.pt\/index.php?rest_route=\/wp\/v2\/posts\/1370","targetHints":{"allow":["GET"]}}],"collection":[{"href":"https:\/\/www.ticmais.pt\/index.php?rest_route=\/wp\/v2\/posts"}],"about":[{"href":"https:\/\/www.ticmais.pt\/index.php?rest_route=\/wp\/v2\/types\/post"}],"author":[{"embeddable":true,"href":"https:\/\/www.ticmais.pt\/index.php?rest_route=\/wp\/v2\/users\/1"}],"replies":[{"embeddable":true,"href":"https:\/\/www.ticmais.pt\/index.php?rest_route=%2Fwp%2Fv2%2Fcomments&post=1370"}],"version-history":[{"count":0,"href":"https:\/\/www.ticmais.pt\/index.php?rest_route=\/wp\/v2\/posts\/1370\/revisions"}],"wp:attachment":[{"href":"https:\/\/www.ticmais.pt\/index.php?rest_route=%2Fwp%2Fv2%2Fmedia&parent=1370"}],"wp:term":[{"taxonomy":"category","embeddable":true,"href":"https:\/\/www.ticmais.pt\/index.php?rest_route=%2Fwp%2Fv2%2Fcategories&post=1370"},{"taxonomy":"post_tag","embeddable":true,"href":"https:\/\/www.ticmais.pt\/index.php?rest_route=%2Fwp%2Fv2%2Ftags&post=1370"}],"curies":[{"name":"wp","href":"https:\/\/api.w.org\/{rel}","templated":true}]}}