{"id":1375,"date":"2008-11-26T14:30:49","date_gmt":"2008-11-26T14:30:49","guid":{"rendered":"http:\/\/www.ticmais.pt\/?p=1375"},"modified":"2008-11-26T14:30:49","modified_gmt":"2008-11-26T14:30:49","slug":"pte-apresentacao-do-programa-competencias-tic","status":"publish","type":"post","link":"https:\/\/www.ticmais.pt\/?p=1375","title":{"rendered":"PTE: apresenta\u00e7\u00e3o do programa \u00abCompet\u00eancias TIC\u00bb"},"content":{"rendered":"<table border=\"0\" cellspacing=\"5\" cellpadding=\"5\" width=\"100%\" align=\"justify\">\n<tbody>\n<tr>\n<td width=\"160\" valign=\"top\">\n<p align=\"justify\"><img decoding=\"async\" src=\"\/\/www.ticmais.pt\/ticmais\/imagens\/PTE%20apresentacao%20do%20programa%20Competencias%20TIC.png\" alt=\"\" \/><\/p>\n<\/td>\n<td valign=\"top\">\n<p align=\"justify\">Acaba de ser apresentado o estudo de implementa\u00e7\u00e3o do programa \u201cCompet\u00eancias TIC\u201d, do <a href=\"http:\/\/www.escola.gov.pt\/inicio.asp\" target=\"_blank\">Plano Tecnol\u00f3gico da Educa\u00e7\u00e3o<\/a> (PTE). Desenhado para integrar os sistemas de forma\u00e7\u00e3o cont\u00ednua dos professores e dos n\u00e3o docentes, o programa prev\u00ea certificar as compet\u00eancias TIC de pelo menos 90% dos professores at\u00e9 2010.<\/p>\n<\/td>\n<\/tr>\n<\/tbody>\n<\/table>\n<p><!--more--><\/p>\n<table border=\"0\" cellspacing=\"5\" cellpadding=\"5\" width=\"100%\" align=\"justify\">\n<tbody>\n<tr>\n<td valign=\"top\">\n<p align=\"justify\">Na elabora\u00e7\u00e3o do estudo estiveram envolvidos investigadores da <a href=\"http:\/\/www.ul.pt\/portal\/page?_pageid=173,1&amp;_dad=portal&amp;_schema=PORTAL\" target=\"_blank\">Universidade de Lisboa<\/a> (UL), da <a href=\"http:\/\/www.uminho.pt\/\" target=\"_blank\">Universidade do Minho<\/a> (UM) e da <a href=\"http:\/\/www.uevora.pt\/\" target=\"_blank\">Universidade de \u00c9vora<\/a> (UE) asim como dezenas de dirigentes e t\u00e9cnicos do <a href=\"http:\/\/www.min-edu.pt\/\" target=\"_blank\">Minist\u00e9rio da Educa\u00e7\u00e3o<\/a>, professores e alunos, directores de centros de forma\u00e7\u00e3o e de centros de compet\u00eancia, respons\u00e1veis pela educa\u00e7\u00e3o em empresas de refer\u00eancia e outros peritos.<\/p>\n<p align=\"justify\">A apresenta\u00e7\u00e3o do programa coube a Fernando Albuquerque Costa (UL), que coordenou os trabalhos, a Jos\u00e9 Lu\u00eds Ramos (UE) e a Paulo Dias (UM), contando com as presen\u00e7as de Carlos Zorrinho, Coordenador Nacional da Estrat\u00e9gia de Lisboa e do Plano Tecnol\u00f3gico, de Jo\u00e3o Trocado da Mata, Coordenador do PTE, e de Idalete Gon\u00e7alves, Subdirectora-Geral dos Recursos Humanos da Educa\u00e7\u00e3o.<\/p>\n<p align=\"justify\">Entre os presentes, encontravam-se os directores dos cerca de 90 centros de forma\u00e7\u00e3o das associa\u00e7\u00f5es de escolas, que cobrem os estabelecimentos de ensino de todo o pa\u00eds.<\/p>\n<\/td>\n<\/tr>\n<tr>\n<td valign=\"top\">\n<p align=\"justify\">Fonte: <a href=\"http:\/\/www.escola.gov.pt\/noticias-detalhe.asp?id=31\" target=\"_blank\">PTE<\/a><\/p>\n<\/td>\n<\/tr>\n<\/tbody>\n<\/table>\n","protected":false},"excerpt":{"rendered":"<p>Acaba de ser apresentado o estudo de implementa\u00e7\u00e3o do programa \u201cCompet\u00eancias TIC\u201d, do Plano Tecnol\u00f3gico da Educa\u00e7\u00e3o (PTE). Desenhado para integrar os sistemas de forma\u00e7\u00e3o cont\u00ednua dos professores e dos n\u00e3o docentes, o programa prev\u00ea certificar as compet\u00eancias TIC de pelo menos 90% dos professores at\u00e9 2010.<\/p>\n","protected":false},"author":1,"featured_media":0,"comment_status":"closed","ping_status":"closed","sticky":false,"template":"","format":"standard","meta":{"footnotes":""},"categories":[15],"tags":[21,18,19],"class_list":["post-1375","post","type-post","status-publish","format-standard","hentry","category-tic-mais","tag-formacao","tag-plano-tecnologico","tag-sociedade-do-conhecinentoda-informacao"],"_links":{"self":[{"href":"https:\/\/www.ticmais.pt\/index.php?rest_route=\/wp\/v2\/posts\/1375","targetHints":{"allow":["GET"]}}],"collection":[{"href":"https:\/\/www.ticmais.pt\/index.php?rest_route=\/wp\/v2\/posts"}],"about":[{"href":"https:\/\/www.ticmais.pt\/index.php?rest_route=\/wp\/v2\/types\/post"}],"author":[{"embeddable":true,"href":"https:\/\/www.ticmais.pt\/index.php?rest_route=\/wp\/v2\/users\/1"}],"replies":[{"embeddable":true,"href":"https:\/\/www.ticmais.pt\/index.php?rest_route=%2Fwp%2Fv2%2Fcomments&post=1375"}],"version-history":[{"count":0,"href":"https:\/\/www.ticmais.pt\/index.php?rest_route=\/wp\/v2\/posts\/1375\/revisions"}],"wp:attachment":[{"href":"https:\/\/www.ticmais.pt\/index.php?rest_route=%2Fwp%2Fv2%2Fmedia&parent=1375"}],"wp:term":[{"taxonomy":"category","embeddable":true,"href":"https:\/\/www.ticmais.pt\/index.php?rest_route=%2Fwp%2Fv2%2Fcategories&post=1375"},{"taxonomy":"post_tag","embeddable":true,"href":"https:\/\/www.ticmais.pt\/index.php?rest_route=%2Fwp%2Fv2%2Ftags&post=1375"}],"curies":[{"name":"wp","href":"https:\/\/api.w.org\/{rel}","templated":true}]}}