{"id":1387,"date":"2008-12-02T20:26:43","date_gmt":"2008-12-02T20:26:43","guid":{"rendered":"http:\/\/www.ticmais.pt\/?p=1387"},"modified":"2008-12-02T20:26:43","modified_gmt":"2008-12-02T20:26:43","slug":"tecto-para-preco-de-banda-larga-em-franca","status":"publish","type":"post","link":"https:\/\/www.ticmais.pt\/?p=1387","title":{"rendered":"Tecto para pre\u00e7o de banda larga em Fran\u00e7a"},"content":{"rendered":"<table border=\"0\" cellspacing=\"5\" cellpadding=\"5\" width=\"100%\" align=\"justify\">\n<tbody>\n<tr>\n<td width=\"160\" valign=\"top\">\n<p align=\"justify\"><img decoding=\"async\" src=\"\/\/www.ticmais.pt\/ticmais\/imagens\/Tecto%20para%20preco%20de%20banda%20larga%20em%20Franca.jpg\" alt=\"\" \/><\/p>\n<\/td>\n<td valign=\"top\">\n<p align=\"justify\">O governo franc\u00eas fez um pedido inesperado \u00e0s operadoras de telecomunica\u00e7\u00f5es do seu pa\u00eds: que cobrem no m\u00e1ximo \u20ac 35 mensais por seus servi\u00e7os de banda larga.<br \/>\nDeste modo, a Fran\u00e7a acaba de se tornar o primeiro pa\u00eds da Uni\u00e3o Europeia a interferir neste dom\u00ednio.<\/td>\n<\/tr>\n<\/tbody>\n<\/table>\n<p><!--more--><\/p>\n<table border=\"0\" cellspacing=\"5\" cellpadding=\"5\" width=\"100%\" align=\"justify\">\n<tbody>\n<tr>\n<td valign=\"top\">\n<p align=\"justify\">Com esta iniciativa, o governo de Sarkozy acaba de recuar na sua campanha informal que aponta(va) para incluir os servi\u00e7os de banda larga na regulamenta\u00e7\u00e3o da UE para servi\u00e7os universais. Neste contexto e com base nesse perfil, uma operadora pode receber ajuda p\u00fablica como contrapartida de contribuir para suprir as necessidades b\u00e1sicas da popula\u00e7\u00e3o onde n\u00e3o h\u00e1 potencial de lucro. Desta forma, Sarkozy n\u00e3o quis esperar pelo consenso e resolveu agir isoladamente.<\/p>\n<p align=\"justify\">Em Fran\u00e7a\u00a0a velocidade m\u00e9dia da banda larga \u00e9 de 17,6 Mbps<\/p>\n<\/td>\n<\/tr>\n<tr>\n<td valign=\"top\">\n<p align=\"justify\">Fonte: <a href=\"http:\/\/bandtec.gizmodo.com.br\/\" target=\"_blank\">Bandtec<\/a><\/p>\n<\/td>\n<\/tr>\n<\/tbody>\n<\/table>\n","protected":false},"excerpt":{"rendered":"<p>O governo franc\u00eas fez um pedido inesperado \u00e0s operadoras de telecomunica\u00e7\u00f5es do seu pa\u00eds: que cobrem no m\u00e1ximo \u20ac 35 mensais por seus servi\u00e7os de banda larga. Deste modo, a Fran\u00e7a acaba de se tornar o primeiro pa\u00eds da Uni\u00e3o Europeia a interferir neste dom\u00ednio.<\/p>\n","protected":false},"author":1,"featured_media":0,"comment_status":"closed","ping_status":"closed","sticky":false,"template":"","format":"standard","meta":{"footnotes":""},"categories":[15],"tags":[34],"class_list":["post-1387","post","type-post","status-publish","format-standard","hentry","category-tic-mais","tag-internet"],"_links":{"self":[{"href":"https:\/\/www.ticmais.pt\/index.php?rest_route=\/wp\/v2\/posts\/1387","targetHints":{"allow":["GET"]}}],"collection":[{"href":"https:\/\/www.ticmais.pt\/index.php?rest_route=\/wp\/v2\/posts"}],"about":[{"href":"https:\/\/www.ticmais.pt\/index.php?rest_route=\/wp\/v2\/types\/post"}],"author":[{"embeddable":true,"href":"https:\/\/www.ticmais.pt\/index.php?rest_route=\/wp\/v2\/users\/1"}],"replies":[{"embeddable":true,"href":"https:\/\/www.ticmais.pt\/index.php?rest_route=%2Fwp%2Fv2%2Fcomments&post=1387"}],"version-history":[{"count":0,"href":"https:\/\/www.ticmais.pt\/index.php?rest_route=\/wp\/v2\/posts\/1387\/revisions"}],"wp:attachment":[{"href":"https:\/\/www.ticmais.pt\/index.php?rest_route=%2Fwp%2Fv2%2Fmedia&parent=1387"}],"wp:term":[{"taxonomy":"category","embeddable":true,"href":"https:\/\/www.ticmais.pt\/index.php?rest_route=%2Fwp%2Fv2%2Fcategories&post=1387"},{"taxonomy":"post_tag","embeddable":true,"href":"https:\/\/www.ticmais.pt\/index.php?rest_route=%2Fwp%2Fv2%2Ftags&post=1387"}],"curies":[{"name":"wp","href":"https:\/\/api.w.org\/{rel}","templated":true}]}}