{"id":1411,"date":"2008-12-17T02:03:39","date_gmt":"2008-12-17T02:03:39","guid":{"rendered":"http:\/\/www.ticmais.pt\/?p=1411"},"modified":"2008-12-17T02:03:39","modified_gmt":"2008-12-17T02:03:39","slug":"analista-preve-que-a-apple-entrara-no-mercado-de-netbooks-na-macworld-expo-2009","status":"publish","type":"post","link":"https:\/\/www.ticmais.pt\/?p=1411","title":{"rendered":"Analista prev\u00ea que a Apple entrar\u00e1 no mercado de netbooks na Macworld Expo 2009"},"content":{"rendered":"<table border=\"0\" cellspacing=\"5\" cellpadding=\"5\" width=\"100%\" align=\"justify\">\n<tbody>\n<tr>\n<td width=\"160\" valign=\"top\">\n<p align=\"justify\"><img decoding=\"async\" src=\"\/\/www.ticmais.pt\/ticmais\/imagens\/Analista%20preve%20que%20a%20Apple%20entrara%20no%20mercado%20de%20netbooks%20na%20Macworld%20Expo%202009.jpg\" alt=\"\" \/><\/p>\n<\/td>\n<td valign=\"top\">\n<p align=\"justify\">O analista Ezra Gottheil, da Technology Business Research Inc., diz acreditar sinceramente que a Apple entrar\u00e1 nesse segmento de mercado no pr\u00f3ximo m\u00eas.<\/p>\n<\/td>\n<\/tr>\n<\/tbody>\n<\/table>\n<p><!--more--><\/p>\n<table border=\"0\" cellspacing=\"5\" cellpadding=\"5\" width=\"100%\" align=\"justify\">\n<tbody>\n<tr>\n<td valign=\"top\">\n<p align=\"justify\">O an\u00fancio da Apple poder\u00e1 associar o produto \u00e0 iTunes e\/ou \u00e0 App Store, igualmente como o faz com seus neg\u00f3cios fechados de iPhones e iPods, at\u00e9 porque a ideia de alargar o mercado para l\u00e1 da simples navega\u00e7\u00e3o pela internet, abrangendo aplicac\u00f5es e servi\u00e7os (incluindo total integra\u00e7\u00e3o com o MobileMe), \u00e9 bem interessante.<\/p>\n<p style=\"text-align: justify;\">O lan\u00e7amento de um Mac com base neste conceito, embora pudesse originar reduzidas margens de lucro na comercializa\u00e7\u00e3o do hardware em si, poderia ser compensado pelo ecossistema de softwares.<\/p>\n<p style=\"text-align: justify;\">O analista afian\u00e7a, contudo, que as suas informa\u00e7\u00f5es s\u00e3o especulativas e v\u00e3o ao ponto de prever n\u00e3o um, mas dois modelos de netbooks da Apple no Macworld Expo 2009 do in\u00edcio de Janeiro, que ajudariam para destacar a empresa face \u00e0 crise econ\u00f3mica actual. Relativamente a estes equipamentos a sua expectativa \u00e9 que eles cheguem \u00e0s lojas em meados de 2009, com um pre\u00e7o a rondar os US$600.<\/p>\n<\/td>\n<\/tr>\n<tr>\n<td valign=\"top\">\n<p align=\"justify\">Fonte: <a href=\"http:\/\/macmagazine.com.br\/blog\/\" target=\"_blank\">Macmagazine<\/a><\/p>\n<\/td>\n<\/tr>\n<\/tbody>\n<\/table>\n","protected":false},"excerpt":{"rendered":"<p>O analista Ezra Gottheil, da Technology Business Research Inc., diz acreditar sinceramente que a Apple entrar\u00e1 nesse segmento de mercado no pr\u00f3ximo m\u00eas.<\/p>\n","protected":false},"author":1,"featured_media":0,"comment_status":"closed","ping_status":"closed","sticky":false,"template":"","format":"standard","meta":{"footnotes":""},"categories":[15],"tags":[103,80],"class_list":["post-1411","post","type-post","status-publish","format-standard","hentry","category-tic-mais","tag-apple","tag-netbooks"],"_links":{"self":[{"href":"https:\/\/www.ticmais.pt\/index.php?rest_route=\/wp\/v2\/posts\/1411","targetHints":{"allow":["GET"]}}],"collection":[{"href":"https:\/\/www.ticmais.pt\/index.php?rest_route=\/wp\/v2\/posts"}],"about":[{"href":"https:\/\/www.ticmais.pt\/index.php?rest_route=\/wp\/v2\/types\/post"}],"author":[{"embeddable":true,"href":"https:\/\/www.ticmais.pt\/index.php?rest_route=\/wp\/v2\/users\/1"}],"replies":[{"embeddable":true,"href":"https:\/\/www.ticmais.pt\/index.php?rest_route=%2Fwp%2Fv2%2Fcomments&post=1411"}],"version-history":[{"count":0,"href":"https:\/\/www.ticmais.pt\/index.php?rest_route=\/wp\/v2\/posts\/1411\/revisions"}],"wp:attachment":[{"href":"https:\/\/www.ticmais.pt\/index.php?rest_route=%2Fwp%2Fv2%2Fmedia&parent=1411"}],"wp:term":[{"taxonomy":"category","embeddable":true,"href":"https:\/\/www.ticmais.pt\/index.php?rest_route=%2Fwp%2Fv2%2Fcategories&post=1411"},{"taxonomy":"post_tag","embeddable":true,"href":"https:\/\/www.ticmais.pt\/index.php?rest_route=%2Fwp%2Fv2%2Ftags&post=1411"}],"curies":[{"name":"wp","href":"https:\/\/api.w.org\/{rel}","templated":true}]}}