{"id":1412,"date":"2008-12-17T02:55:06","date_gmt":"2008-12-17T02:55:06","guid":{"rendered":"http:\/\/www.ticmais.pt\/?p=1412"},"modified":"2008-12-17T02:55:06","modified_gmt":"2008-12-17T02:55:06","slug":"iphone-terceira-edicao","status":"publish","type":"post","link":"https:\/\/www.ticmais.pt\/?p=1412","title":{"rendered":"iPhone terceira edi\u00e7\u00e3o?"},"content":{"rendered":"<table border=\"0\" cellspacing=\"5\" cellpadding=\"5\" width=\"100%\" align=\"justify\">\n<tbody>\n<tr>\n<td width=\"160\" valign=\"top\">\n<p align=\"justify\"><img decoding=\"async\" src=\"\/\/www.ticmais.pt\/ticmais\/imagens\/iPhone%20terceira%20edicao1.jpg\" alt=\"\" \/><\/p>\n<\/td>\n<td valign=\"top\">\n<p align=\"justify\">O site Apple.Pro acaba de <a href=\"http:\/\/translate.google.com\/translate?hl=pt&amp;u=http%3A%2F%2Ftw.apple.pro%2F%3Fuid-21-action-viewspace-itemid-1763\" target=\"_blank\">divulgar<\/a> imagens daquele que eles acreditam ser uma terceira gera\u00e7\u00e3o do iPhone \u2014 ou seria uma vers\u00e3o \u201cPro\u201d do iPhone 3G?.<\/p>\n<\/td>\n<\/tr>\n<\/tbody>\n<\/table>\n<p><!--more--><\/p>\n<table border=\"0\" cellspacing=\"5\" cellpadding=\"5\" width=\"100%\" align=\"justify\">\n<tbody>\n<tr>\n<td valign=\"top\">\n<p style=\"text-align: center;\" align=\"justify\"><img decoding=\"async\" class=\"aligncenter\" src=\"\/\/www.ticmais.pt\/ticmais\/imagens\/iPhone%20terceira%20edicao.jpg\" alt=\"\" \/><\/p>\n<p align=\"justify\">Na foto apresentada, \u00e9 poss\u00edvel ver a t\u00e3o esperada c\u00e2mara frontal para v\u00eddeo-confer\u00eancia \u2014 que utilizar\u00e1 uma vers\u00e3o adaptada do iChat. Nas especifica\u00e7\u00f5es do aparelho, fazem parte 128GB de capacidade interna e um sistema \u201cProt\u00f3tipo 3.0\u2033.<\/p>\n<p align=\"justify\">Tamb\u00e9m segundo o referido site, o iPhone ter\u00e1 uma nova bateria, capaz de aguentar 8 horas de v\u00eddeo-chamadas, entre 15 e 20 horas de conversa\u00e7\u00e3o e 450 horas de standby.<\/p>\n<p align=\"justify\">Conv\u00e9m lembrar que foi este site que divulgou as imagens das novas estruturas de alum\u00ednio\u00a0do MacBook Pro e do MacBook, mas para se ter a certeza se as imagens s\u00e3o reais, s\u00f3 mesmo no lan\u00e7amento do \u201cnovo\u201d iPhone.<\/p>\n<\/td>\n<\/tr>\n<tr>\n<td valign=\"top\">\n<p align=\"justify\">Fonte:<a href=\"http:\/\/9to5mac.com\/iphone-3\" target=\"_blank\">9to5Mac.<\/a> e <a href=\"http:\/\/macmagazine.com.br\/blog\/\" target=\"_blank\">Macmagazine<\/a><\/p>\n<\/td>\n<\/tr>\n<tr>\n<td style=\"background-color: #e2dedf;\">Outras not\u00edcias:<br \/>\n<a href=\"http:\/\/exameinformatica.clix.pt\/noticias\/software\/1001126.html\" target=\"_blank\">Palm deve apresentar rival do Android na CES<\/a><\/td>\n<\/tr>\n<\/tbody>\n<\/table>\n","protected":false},"excerpt":{"rendered":"<p>O site Apple.Pro acaba de divulgar imagens daquele que eles acreditam ser uma terceira gera\u00e7\u00e3o do iPhone \u2014 ou seria uma vers\u00e3o \u201cPro\u201d do iPhone 3G?.<\/p>\n","protected":false},"author":1,"featured_media":0,"comment_status":"closed","ping_status":"closed","sticky":false,"template":"","format":"standard","meta":{"footnotes":""},"categories":[15],"tags":[103,104,87],"class_list":["post-1412","post","type-post","status-publish","format-standard","hentry","category-tic-mais","tag-apple","tag-iphone","tag-smartphones"],"_links":{"self":[{"href":"https:\/\/www.ticmais.pt\/index.php?rest_route=\/wp\/v2\/posts\/1412","targetHints":{"allow":["GET"]}}],"collection":[{"href":"https:\/\/www.ticmais.pt\/index.php?rest_route=\/wp\/v2\/posts"}],"about":[{"href":"https:\/\/www.ticmais.pt\/index.php?rest_route=\/wp\/v2\/types\/post"}],"author":[{"embeddable":true,"href":"https:\/\/www.ticmais.pt\/index.php?rest_route=\/wp\/v2\/users\/1"}],"replies":[{"embeddable":true,"href":"https:\/\/www.ticmais.pt\/index.php?rest_route=%2Fwp%2Fv2%2Fcomments&post=1412"}],"version-history":[{"count":0,"href":"https:\/\/www.ticmais.pt\/index.php?rest_route=\/wp\/v2\/posts\/1412\/revisions"}],"wp:attachment":[{"href":"https:\/\/www.ticmais.pt\/index.php?rest_route=%2Fwp%2Fv2%2Fmedia&parent=1412"}],"wp:term":[{"taxonomy":"category","embeddable":true,"href":"https:\/\/www.ticmais.pt\/index.php?rest_route=%2Fwp%2Fv2%2Fcategories&post=1412"},{"taxonomy":"post_tag","embeddable":true,"href":"https:\/\/www.ticmais.pt\/index.php?rest_route=%2Fwp%2Fv2%2Ftags&post=1412"}],"curies":[{"name":"wp","href":"https:\/\/api.w.org\/{rel}","templated":true}]}}