{"id":1413,"date":"2008-12-17T03:07:23","date_gmt":"2008-12-17T03:07:23","guid":{"rendered":"http:\/\/www.ticmais.pt\/?p=1413"},"modified":"2008-12-17T03:07:23","modified_gmt":"2008-12-17T03:07:23","slug":"estagios-tic-contam-com-apoio-da-fujitsu","status":"publish","type":"post","link":"https:\/\/www.ticmais.pt\/?p=1413","title":{"rendered":"Est\u00e1gios TIC contam com apoio da Fujitsu"},"content":{"rendered":"<table border=\"0\" cellspacing=\"5\" cellpadding=\"5\" width=\"100%\" align=\"justify\">\n<tbody>\n<tr>\n<td width=\"160\" valign=\"top\">\n<p align=\"justify\"><img decoding=\"async\" src=\"\/\/www.ticmais.pt\/ticmais\/imagens\/Estagios%20TIC%20contam%20com%20apoio%20da%20Fujitsu.jpg\" alt=\"\" \/><\/p>\n<\/td>\n<td valign=\"top\">\n<p align=\"justify\">A Fujitsu Services vai integrar o leque de empresas parceiras do Minist\u00e9rio da Educa\u00e7\u00e3o para o programa de est\u00e1gios do Plano Tecnol\u00f3gico da Educa\u00e7\u00e3o. Ao assinar o acordo com o ME, a empresa permitir\u00e1 ainda que alunos, docentes e n\u00e3o docentes reforcem a certifica\u00e7\u00e3o das suas compet\u00eancias em TIC.\u00a0<a href=\"http:\/\/tek.sapo.pt\/noticias\/negocios\/estagios_tic_contam_com_apoio_da_fujitsu_904235.html\" target=\"_blank\">(Mais&#8230;)<\/a><\/p>\n<\/td>\n<\/tr>\n<\/tbody>\n<\/table>\n","protected":false},"excerpt":{"rendered":"<p>A Fujitsu Services vai integrar o leque de empresas parceiras do Minist\u00e9rio da Educa\u00e7\u00e3o para o programa de est\u00e1gios do Plano Tecnol\u00f3gico da Educa\u00e7\u00e3o. Ao assinar o acordo com o ME, a empresa permitir\u00e1 ainda que alunos, docentes e n\u00e3o docentes reforcem a certifica\u00e7\u00e3o das suas compet\u00eancias em TIC.\u00a0(Mais&#8230;)<\/p>\n","protected":false},"author":1,"featured_media":0,"comment_status":"closed","ping_status":"closed","sticky":false,"template":"","format":"standard","meta":{"footnotes":""},"categories":[15],"tags":[194,21,195,18],"class_list":["post-1413","post","type-post","status-publish","format-standard","hentry","category-tic-mais","tag-estagios","tag-formacao","tag-fujitsu","tag-plano-tecnologico"],"_links":{"self":[{"href":"https:\/\/www.ticmais.pt\/index.php?rest_route=\/wp\/v2\/posts\/1413","targetHints":{"allow":["GET"]}}],"collection":[{"href":"https:\/\/www.ticmais.pt\/index.php?rest_route=\/wp\/v2\/posts"}],"about":[{"href":"https:\/\/www.ticmais.pt\/index.php?rest_route=\/wp\/v2\/types\/post"}],"author":[{"embeddable":true,"href":"https:\/\/www.ticmais.pt\/index.php?rest_route=\/wp\/v2\/users\/1"}],"replies":[{"embeddable":true,"href":"https:\/\/www.ticmais.pt\/index.php?rest_route=%2Fwp%2Fv2%2Fcomments&post=1413"}],"version-history":[{"count":0,"href":"https:\/\/www.ticmais.pt\/index.php?rest_route=\/wp\/v2\/posts\/1413\/revisions"}],"wp:attachment":[{"href":"https:\/\/www.ticmais.pt\/index.php?rest_route=%2Fwp%2Fv2%2Fmedia&parent=1413"}],"wp:term":[{"taxonomy":"category","embeddable":true,"href":"https:\/\/www.ticmais.pt\/index.php?rest_route=%2Fwp%2Fv2%2Fcategories&post=1413"},{"taxonomy":"post_tag","embeddable":true,"href":"https:\/\/www.ticmais.pt\/index.php?rest_route=%2Fwp%2Fv2%2Ftags&post=1413"}],"curies":[{"name":"wp","href":"https:\/\/api.w.org\/{rel}","templated":true}]}}