{"id":1418,"date":"2008-12-18T16:22:04","date_gmt":"2008-12-18T16:22:04","guid":{"rendered":"http:\/\/www.ticmais.pt\/?p=1418"},"modified":"2008-12-18T16:22:04","modified_gmt":"2008-12-18T16:22:04","slug":"aprovado-regulamento-para-reduzir-consumo-energetico-em-aparelhos-em-standby","status":"publish","type":"post","link":"https:\/\/www.ticmais.pt\/?p=1418","title":{"rendered":"Aprovado regulamento para reduzir consumo energ\u00e9tico em aparelhos em standby"},"content":{"rendered":"<table border=\"0\" cellspacing=\"5\" cellpadding=\"5\" width=\"100%\" align=\"justify\">\n<tbody>\n<tr>\n<td width=\"160\" valign=\"top\">\n<p align=\"justify\"><img decoding=\"async\" src=\"\/\/www.ticmais.pt\/ticmais\/imagens\/consumo%20energetico%20em%20aparelhos%20em%20standby.jpg\" alt=\"\" \/><\/p>\n<\/td>\n<td valign=\"top\">\n<p align=\"justify\">A Comiss\u00e3o Europeia aprovou o regulamento que visa reduzir, em quase 75 por cento, a electricidade consumida pelos aparelhos electr\u00f3nicos e electrodom\u00e9sticos em modo de espera, at\u00e9 2020, o que representa uma diminui\u00e7\u00e3o de 14 milh\u00f5es de toneladas de CO2. <a href=\"http:\/\/sol.sapo.pt\/PaginaInicial\/Tecnologia\/Interior.aspx?content_id=120491\" target=\"_blank\">(Mais&#8230;)<\/a>\u00a0<\/p>\n<\/td>\n<\/tr>\n<\/tbody>\n<\/table>\n","protected":false},"excerpt":{"rendered":"<p>A Comiss\u00e3o Europeia aprovou o regulamento que visa reduzir, em quase 75 por cento, a electricidade consumida pelos aparelhos electr\u00f3nicos e electrodom\u00e9sticos em modo de espera, at\u00e9 2020, o que representa uma diminui\u00e7\u00e3o de 14 milh\u00f5es de toneladas de CO2. (Mais&#8230;)\u00a0<\/p>\n","protected":false},"author":1,"featured_media":0,"comment_status":"closed","ping_status":"closed","sticky":false,"template":"","format":"standard","meta":{"footnotes":""},"categories":[15],"tags":[24,25,53],"class_list":["post-1418","post","type-post","status-publish","format-standard","hentry","category-tic-mais","tag-ambiente","tag-ecologia-e-desenvolvimento-sustentavel","tag-eficiencia-energetica"],"_links":{"self":[{"href":"https:\/\/www.ticmais.pt\/index.php?rest_route=\/wp\/v2\/posts\/1418","targetHints":{"allow":["GET"]}}],"collection":[{"href":"https:\/\/www.ticmais.pt\/index.php?rest_route=\/wp\/v2\/posts"}],"about":[{"href":"https:\/\/www.ticmais.pt\/index.php?rest_route=\/wp\/v2\/types\/post"}],"author":[{"embeddable":true,"href":"https:\/\/www.ticmais.pt\/index.php?rest_route=\/wp\/v2\/users\/1"}],"replies":[{"embeddable":true,"href":"https:\/\/www.ticmais.pt\/index.php?rest_route=%2Fwp%2Fv2%2Fcomments&post=1418"}],"version-history":[{"count":0,"href":"https:\/\/www.ticmais.pt\/index.php?rest_route=\/wp\/v2\/posts\/1418\/revisions"}],"wp:attachment":[{"href":"https:\/\/www.ticmais.pt\/index.php?rest_route=%2Fwp%2Fv2%2Fmedia&parent=1418"}],"wp:term":[{"taxonomy":"category","embeddable":true,"href":"https:\/\/www.ticmais.pt\/index.php?rest_route=%2Fwp%2Fv2%2Fcategories&post=1418"},{"taxonomy":"post_tag","embeddable":true,"href":"https:\/\/www.ticmais.pt\/index.php?rest_route=%2Fwp%2Fv2%2Ftags&post=1418"}],"curies":[{"name":"wp","href":"https:\/\/api.w.org\/{rel}","templated":true}]}}