{"id":1422,"date":"2008-12-20T18:59:07","date_gmt":"2008-12-20T18:59:07","guid":{"rendered":"http:\/\/www.ticmais.pt\/?p=1422"},"modified":"2008-12-20T18:59:07","modified_gmt":"2008-12-20T18:59:07","slug":"simplex-autarquico-com-21-novas-adesoes","status":"publish","type":"post","link":"https:\/\/www.ticmais.pt\/?p=1422","title":{"rendered":"\u00abSimplex Aut\u00e1rquico\u00bb com 21 novas ades\u00f5es"},"content":{"rendered":"<table border=\"0\" cellspacing=\"5\" cellpadding=\"5\" width=\"100%\" align=\"justify\">\n<tbody>\n<tr>\n<td width=\"160\" valign=\"top\">\n<p align=\"justify\"><img decoding=\"async\" src=\"\/\/www.ticmais.pt\/ticmais\/imagens\/Simplex%20Autarquico%20com%2021%20novas%20adesoes.png\" alt=\"\" \/><\/p>\n<\/td>\n<td valign=\"top\">\n<p align=\"justify\">Acabam de aderir ao \u00ab<a href=\"http:\/\/www.simplex.pt\/autarquico\/02_programa_06Medidas_00index.html\" target=\"_blank\">Simplex Aut\u00e1rquico<\/a>\u00bb, 21 C\u00e2maras Municipais das Associa\u00e7\u00f5es de Munic\u00edpios do Vale de Douro, Norte, Sul e Superior.<br \/>\nCom estas novas ades\u00f5es passam a ser 30 os munic\u00edpios aderentes ao programa de simplifica\u00e7\u00e3o e moderniza\u00e7\u00e3o administrativa.<\/td>\n<\/tr>\n<\/tbody>\n<\/table>\n<p><!--more--><\/p>\n<table border=\"0\" cellspacing=\"5\" cellpadding=\"5\" width=\"100%\" align=\"justify\">\n<tbody>\n<tr>\n<td valign=\"top\">\n<p align=\"justify\">A assinatura dos protocolos decorreu em Lamego no \u00e2mbito da \u00abSemana Simplex\u00bb.<\/p>\n<p>J\u00e1\u00a0 faziam parte do programa os munic\u00edpios de \u00c1gueda, Cascais, Guimar\u00e3es, Lisboa, Pombal, Portalegre, Porto, Redondo e Seixal.<\/td>\n<\/tr>\n<\/tbody>\n<\/table>\n","protected":false},"excerpt":{"rendered":"<p>Acabam de aderir ao \u00abSimplex Aut\u00e1rquico\u00bb, 21 C\u00e2maras Municipais das Associa\u00e7\u00f5es de Munic\u00edpios do Vale de Douro, Norte, Sul e Superior. Com estas novas ades\u00f5es passam a ser 30 os munic\u00edpios aderentes ao programa de simplifica\u00e7\u00e3o e moderniza\u00e7\u00e3o administrativa.<\/p>\n","protected":false},"author":1,"featured_media":0,"comment_status":"closed","ping_status":"closed","sticky":false,"template":"","format":"standard","meta":{"footnotes":""},"categories":[15],"tags":[7,14],"class_list":["post-1422","post","type-post","status-publish","format-standard","hentry","category-tic-mais","tag-egov","tag-simplex"],"_links":{"self":[{"href":"https:\/\/www.ticmais.pt\/index.php?rest_route=\/wp\/v2\/posts\/1422","targetHints":{"allow":["GET"]}}],"collection":[{"href":"https:\/\/www.ticmais.pt\/index.php?rest_route=\/wp\/v2\/posts"}],"about":[{"href":"https:\/\/www.ticmais.pt\/index.php?rest_route=\/wp\/v2\/types\/post"}],"author":[{"embeddable":true,"href":"https:\/\/www.ticmais.pt\/index.php?rest_route=\/wp\/v2\/users\/1"}],"replies":[{"embeddable":true,"href":"https:\/\/www.ticmais.pt\/index.php?rest_route=%2Fwp%2Fv2%2Fcomments&post=1422"}],"version-history":[{"count":0,"href":"https:\/\/www.ticmais.pt\/index.php?rest_route=\/wp\/v2\/posts\/1422\/revisions"}],"wp:attachment":[{"href":"https:\/\/www.ticmais.pt\/index.php?rest_route=%2Fwp%2Fv2%2Fmedia&parent=1422"}],"wp:term":[{"taxonomy":"category","embeddable":true,"href":"https:\/\/www.ticmais.pt\/index.php?rest_route=%2Fwp%2Fv2%2Fcategories&post=1422"},{"taxonomy":"post_tag","embeddable":true,"href":"https:\/\/www.ticmais.pt\/index.php?rest_route=%2Fwp%2Fv2%2Ftags&post=1422"}],"curies":[{"name":"wp","href":"https:\/\/api.w.org\/{rel}","templated":true}]}}