{"id":1428,"date":"2008-12-23T00:16:16","date_gmt":"2008-12-23T00:16:16","guid":{"rendered":"http:\/\/www.ticmais.pt\/?p=1428"},"modified":"2008-12-23T00:16:16","modified_gmt":"2008-12-23T00:16:16","slug":"desconhecimento-das-tic-preocupa-parlamento-europeu","status":"publish","type":"post","link":"https:\/\/www.ticmais.pt\/?p=1428","title":{"rendered":"Desconhecimento das TIC preocupa Parlamento Europeu"},"content":{"rendered":"<table border=\"0\" cellspacing=\"5\" cellpadding=\"5\" width=\"100%\" align=\"justify\">\n<tbody>\n<tr>\n<td width=\"160\" valign=\"top\">\n<p align=\"justify\"><img decoding=\"async\" src=\"\/\/www.ticmais.pt\/ticmais\/imagens\/PE%20quer%20plano%20para%20educar%20em%20tecnologias.jpg\" alt=\"\" \/><\/p>\n<\/td>\n<td valign=\"top\">\n<p align=\"justify\">Os eurodeputados fizeram um apelo \u00e0 <a href=\"http:\/\/ec.europa.eu\/index_pt.htm\" target=\"_blank\">Comiss\u00e3o Europeia<\/a> (CE) para que esta apresente um plano educativo para ensinar os cidad\u00e3os da Uni\u00e3o Europeia a lidarem com as novas tecnologias.<\/p>\n<\/td>\n<\/tr>\n<\/tbody>\n<\/table>\n<p><!--more--><\/p>\n<table border=\"0\" cellspacing=\"5\" cellpadding=\"5\" width=\"100%\" align=\"justify\">\n<tbody>\n<tr>\n<td valign=\"top\">\n<p align=\"justify\">Atrav\u00e9s de documento aprovado pelo <a href=\"http:\/\/www.europarl.europa.eu\/news\/public\/default_pt.htm\" target=\"_blank\">Parlamento Europeu<\/a> (UE) s\u00e3o defendidos os principais pontos onde devem incidir este plano, designadamente nas \u00e1reas da seguran\u00e7a e viol\u00eancia na Internet e nas \u00e1reas relacionadas com direitos de autor. Nele\u00a0s\u00e3o tamb\u00e9m manifestadas preocupa\u00e7\u00f5es com os poss\u00edveis riscos que podem ocorrer com o uso das tecnologias digitais e consideram essencial a promo\u00e7\u00e3o de iniciativas de forma\u00e7\u00e3o em compet\u00eancias medi\u00e1ticas junto dos cidad\u00e3os, para que estes possam entender cada vez melhor os novos Media.<\/p>\n<p align=\"justify\">Os eurodeputados defendem que este tipo de forma\u00e7\u00e3o deve abranger todos os cidad\u00e3os, incluindo desde logo programas educacionais destinados \u00e0s crian\u00e7as.<\/p>\n<p align=\"justify\">No documento \u00e9 lan\u00e7ado ainda um apelo aos pa\u00edses da Uni\u00e3o Europeia para que diminuam o fosso digital que permanece entre as zonas urbanas e rurais do territ\u00f3rio comunit\u00e1rio, no que diz respeito ao acesso aos servi\u00e7os de banda larga.<\/p>\n<\/td>\n<\/tr>\n<tr>\n<td valign=\"top\">\n<p align=\"justify\">Fonte:<a href=\"ttp:\/\/www.i-gov.org\/\" target=\"_blank\">iGOV Central<\/a>\u00a0e <a href=\"http:\/\/tek.sapo.pt\/\" target=\"_blank\">TeK SAPO<\/a><\/p>\n<\/td>\n<\/tr>\n<tr>\n<td style=\"background-color: #e2dedf;\">Not\u00edcias relacionadas:<\/p>\n<p><a title=\"Hiperliga\u00e7\u00e3o permanente para Coruche \u2013 um duplo custo de interioridade\" rel=\"bookmark\" href=\"http:\/\/www.ticmais.pt\/?p=673\">Coruche \u2013 um duplo custo de interioridade<\/a><\/p>\n<p><a title=\"Hiperliga\u00e7\u00e3o permanente para Coruche precisa de uma  pol\u00edtica p\u00fablica de inclus\u00e3o digital e de banda larga a pre\u00e7os estreitos\" rel=\"bookmark\" href=\"http:\/\/www.ticmais.pt\/?p=523\">Coruche precisa de uma pol\u00edtica p\u00fablica de inclus\u00e3o digital e de banda larga a pre\u00e7os estreitos<\/a><\/p>\n<p><a title=\"Hiperliga\u00e7\u00e3o permanente para C. M. de Coruche continua a apostar pouco na \u00e1rea das TIC\" rel=\"bookmark\" href=\"http:\/\/www.ticmais.pt\/?p=271\">C. M. de Coruche continua a apostar pouco na \u00e1rea das TIC<\/a><\/p>\n<p><a title=\"Hiperliga\u00e7\u00e3o permanente para Panorama da Net em Coruche (\u00e9 bom lembrar)\" rel=\"bookmark\" href=\"http:\/\/www.ticmais.pt\/?p=693\">Panorama da Net em Coruche (\u00e9 bom lembrar)<\/a><\/td>\n<\/tr>\n<\/tbody>\n<\/table>\n","protected":false},"excerpt":{"rendered":"<p>Os eurodeputados fizeram um apelo \u00e0 Comiss\u00e3o Europeia (CE) para que esta apresente um plano educativo para ensinar os cidad\u00e3os da Uni\u00e3o Europeia a lidarem com as novas tecnologias.<\/p>\n","protected":false},"author":1,"featured_media":0,"comment_status":"closed","ping_status":"closed","sticky":false,"template":"","format":"standard","meta":{"footnotes":""},"categories":[15],"tags":[21,8,19,99],"class_list":["post-1428","post","type-post","status-publish","format-standard","hentry","category-tic-mais","tag-formacao","tag-inclusao-digital","tag-sociedade-do-conhecinentoda-informacao","tag-uniao-europeia"],"_links":{"self":[{"href":"https:\/\/www.ticmais.pt\/index.php?rest_route=\/wp\/v2\/posts\/1428","targetHints":{"allow":["GET"]}}],"collection":[{"href":"https:\/\/www.ticmais.pt\/index.php?rest_route=\/wp\/v2\/posts"}],"about":[{"href":"https:\/\/www.ticmais.pt\/index.php?rest_route=\/wp\/v2\/types\/post"}],"author":[{"embeddable":true,"href":"https:\/\/www.ticmais.pt\/index.php?rest_route=\/wp\/v2\/users\/1"}],"replies":[{"embeddable":true,"href":"https:\/\/www.ticmais.pt\/index.php?rest_route=%2Fwp%2Fv2%2Fcomments&post=1428"}],"version-history":[{"count":0,"href":"https:\/\/www.ticmais.pt\/index.php?rest_route=\/wp\/v2\/posts\/1428\/revisions"}],"wp:attachment":[{"href":"https:\/\/www.ticmais.pt\/index.php?rest_route=%2Fwp%2Fv2%2Fmedia&parent=1428"}],"wp:term":[{"taxonomy":"category","embeddable":true,"href":"https:\/\/www.ticmais.pt\/index.php?rest_route=%2Fwp%2Fv2%2Fcategories&post=1428"},{"taxonomy":"post_tag","embeddable":true,"href":"https:\/\/www.ticmais.pt\/index.php?rest_route=%2Fwp%2Fv2%2Ftags&post=1428"}],"curies":[{"name":"wp","href":"https:\/\/api.w.org\/{rel}","templated":true}]}}