{"id":1443,"date":"2009-01-07T02:03:35","date_gmt":"2009-01-07T02:03:35","guid":{"rendered":"http:\/\/www.ticmais.pt\/?p=1443"},"modified":"2009-01-07T02:03:35","modified_gmt":"2009-01-07T02:03:35","slug":"oqo-anuncia-para-a-ces-atom-powered-modelo-2-umpc","status":"publish","type":"post","link":"https:\/\/www.ticmais.pt\/?p=1443","title":{"rendered":"OQO anuncia para a CES Atom-powered Modelo 2 + UMPC"},"content":{"rendered":"<table border=\"0\" cellspacing=\"5\" cellpadding=\"5\" width=\"100%\" align=\"justify\">\n<tbody>\n<tr>\n<td width=\"160\" valign=\"top\">\n<p align=\"justify\"><img decoding=\"async\" src=\"\/\/www.ticmais.pt\/ticmais\/imagens\/OQO%20anuncia%20para%20a%20CES%20Atom-powered%20Modelo%202%20+%20UMPC.jpg\" alt=\"\" \/><\/p>\n<\/td>\n<td valign=\"top\">\n<p align=\"justify\">OQO, Inc. vai apresentar na (CES) Feira Consumer Electronics Show 2009, que se realiza de 8 a 11 de Janeiro em Las Vegas, nos Estados Unidos, o novo modelo 2 + com o processador Intel \u00ae Atom \u2122, o primeiro PC do mundo visor OLED e conectividade 3G mundial.\u00a0\u00a0<\/p>\n<\/td>\n<\/tr>\n<\/tbody>\n<\/table>\n<p><!--more--><\/p>\n<table border=\"0\" cellspacing=\"5\" cellpadding=\"5\" width=\"100%\" align=\"justify\">\n<tbody>\n<tr>\n<td valign=\"top\">\n<p align=\"justify\">Baseado no processador 1.86GHz Intel Atom e 2GB de RAM, o OQO model 2 + oferece um desempenho at\u00e9 duas vezes mais r\u00e1pido que seu antecessor, e inclui um ecr\u00e3 t\u00e1ctil OLED de 800&#215;480 (e com sa\u00edda HDMI para monitores externos at\u00e9 1920&#215;1200).<\/p>\n<p align=\"justify\">Relativamente ao seu antecessor, o\u00a0pre\u00e7o at\u00e9 foi reduzido para $1500 d\u00f3lares.<\/p>\n<p style=\"text-align: center;\" align=\"justify\"><img decoding=\"async\" src=\"\/\/www.ticmais.pt\/ticmais\/imagens\/OQO%20anuncia%20para%20a%20CES%20Atom%20powered%20Modelo%202%20UMPC%204.jpg\" alt=\"\" \/><\/p>\n<\/td>\n<\/tr>\n<tr>\n<td valign=\"top\">\n<p align=\"justify\">Fonte:<a href=\"http:\/\/www.engadget.com\/\" target=\"_blank\"> Engadget<\/a><\/p>\n<\/td>\n<\/tr>\n<\/tbody>\n<\/table>\n","protected":false},"excerpt":{"rendered":"<p>OQO, Inc. vai apresentar na (CES) Feira Consumer Electronics Show 2009, que se realiza de 8 a 11 de Janeiro em Las Vegas, nos Estados Unidos, o novo modelo 2 + com o processador Intel \u00ae Atom \u2122, o primeiro PC do mundo visor OLED e conectividade 3G mundial.\u00a0\u00a0<\/p>\n","protected":false},"author":1,"featured_media":0,"comment_status":"closed","ping_status":"closed","sticky":false,"template":"","format":"standard","meta":{"footnotes":""},"categories":[15],"tags":[125,115],"class_list":["post-1443","post","type-post","status-publish","format-standard","hentry","category-tic-mais","tag-oqo","tag-umpc"],"_links":{"self":[{"href":"https:\/\/www.ticmais.pt\/index.php?rest_route=\/wp\/v2\/posts\/1443","targetHints":{"allow":["GET"]}}],"collection":[{"href":"https:\/\/www.ticmais.pt\/index.php?rest_route=\/wp\/v2\/posts"}],"about":[{"href":"https:\/\/www.ticmais.pt\/index.php?rest_route=\/wp\/v2\/types\/post"}],"author":[{"embeddable":true,"href":"https:\/\/www.ticmais.pt\/index.php?rest_route=\/wp\/v2\/users\/1"}],"replies":[{"embeddable":true,"href":"https:\/\/www.ticmais.pt\/index.php?rest_route=%2Fwp%2Fv2%2Fcomments&post=1443"}],"version-history":[{"count":0,"href":"https:\/\/www.ticmais.pt\/index.php?rest_route=\/wp\/v2\/posts\/1443\/revisions"}],"wp:attachment":[{"href":"https:\/\/www.ticmais.pt\/index.php?rest_route=%2Fwp%2Fv2%2Fmedia&parent=1443"}],"wp:term":[{"taxonomy":"category","embeddable":true,"href":"https:\/\/www.ticmais.pt\/index.php?rest_route=%2Fwp%2Fv2%2Fcategories&post=1443"},{"taxonomy":"post_tag","embeddable":true,"href":"https:\/\/www.ticmais.pt\/index.php?rest_route=%2Fwp%2Fv2%2Ftags&post=1443"}],"curies":[{"name":"wp","href":"https:\/\/api.w.org\/{rel}","templated":true}]}}