{"id":1450,"date":"2009-01-05T22:10:39","date_gmt":"2009-01-05T22:10:39","guid":{"rendered":"http:\/\/www.ticmais.pt\/?p=1450"},"modified":"2009-01-05T22:10:39","modified_gmt":"2009-01-05T22:10:39","slug":"windows-7-com-suporte-nativo-divx","status":"publish","type":"post","link":"https:\/\/www.ticmais.pt\/?p=1450","title":{"rendered":"Windows 7 com suporte nativo DivX"},"content":{"rendered":"<table border=\"0\" cellspacing=\"5\" cellpadding=\"5\" width=\"100%\" align=\"justify\">\n<tbody>\n<tr>\n<td width=\"160\" valign=\"top\">\n<p align=\"justify\"><img decoding=\"async\" src=\"\/\/www.ticmais.pt\/ticmais\/imagens\/Windows%207%20com%20suporte%20nativo%20DivX.jpg\" alt=\"\" \/><\/p>\n<\/td>\n<td valign=\"top\">\n<p align=\"justify\">De acordo com Steve Ballmer, o Windows 7 ir\u00e1 ser disponibilizado durante a (CES) Feira Consumer Electronics Show 2009, que se realiza de 8 a 11 de Janeiro em Las Vegas, como beta p\u00fablico.<\/p>\n<\/td>\n<\/tr>\n<\/tbody>\n<\/table>\n<p><!--more--><\/p>\n<table border=\"0\" cellspacing=\"5\" cellpadding=\"5\" width=\"100%\" align=\"justify\">\n<tbody>\n<tr>\n<td valign=\"top\">\n<p align=\"justify\">Entre os novos recursos do Windows 7 conta-se o suporte nativo para uma variedade de formatos arquivos multim\u00e9dia bastante populares, n\u00e3o precisando assim os utilizadores de procurar, baixar e instalar codecs de terceiros.<\/p>\n<p style=\"text-align: justify;\">Uma das novidades mais recentes que j\u00e1 mereceu a confirma\u00e7\u00e3o da Microsoft \u00e9 o facto desta incluir suporte nativo para DivX, assim como suporte para v\u00eddeo H.264 e ficheiros de \u00e1udio em formato AAC.<\/p>\n<\/td>\n<\/tr>\n<tr>\n<td valign=\"top\">\n<p align=\"justify\">Fonte:<a href=\"http:\/\/www.webtuga.com\/\" target=\"_blank\">Webtuga<\/a><\/p>\n<\/td>\n<\/tr>\n<tr>\n<td style=\"background-color: #e2dedf;\">Not\u00edcias relacionadas:<br \/>\n<a href=\"http:\/\/exameinformatica.clix.pt\/noticias\/mercados\/1001461.html\" target=\"_blank\">A crise tamb\u00e9m chega \u00e0 CES<\/a><\/td>\n<\/tr>\n<\/tbody>\n<\/table>\n","protected":false},"excerpt":{"rendered":"<p>De acordo com Steve Ballmer, o Windows 7 ir\u00e1 ser disponibilizado durante a (CES) Feira Consumer Electronics Show 2009, que se realiza de 8 a 11 de Janeiro em Las Vegas, como beta p\u00fablico.<\/p>\n","protected":false},"author":1,"featured_media":0,"comment_status":"closed","ping_status":"closed","sticky":false,"template":"","format":"standard","meta":{"footnotes":""},"categories":[15],"tags":[73,102,206],"class_list":["post-1450","post","type-post","status-publish","format-standard","hentry","category-tic-mais","tag-microsoft","tag-software","tag-windows-7"],"_links":{"self":[{"href":"https:\/\/www.ticmais.pt\/index.php?rest_route=\/wp\/v2\/posts\/1450","targetHints":{"allow":["GET"]}}],"collection":[{"href":"https:\/\/www.ticmais.pt\/index.php?rest_route=\/wp\/v2\/posts"}],"about":[{"href":"https:\/\/www.ticmais.pt\/index.php?rest_route=\/wp\/v2\/types\/post"}],"author":[{"embeddable":true,"href":"https:\/\/www.ticmais.pt\/index.php?rest_route=\/wp\/v2\/users\/1"}],"replies":[{"embeddable":true,"href":"https:\/\/www.ticmais.pt\/index.php?rest_route=%2Fwp%2Fv2%2Fcomments&post=1450"}],"version-history":[{"count":0,"href":"https:\/\/www.ticmais.pt\/index.php?rest_route=\/wp\/v2\/posts\/1450\/revisions"}],"wp:attachment":[{"href":"https:\/\/www.ticmais.pt\/index.php?rest_route=%2Fwp%2Fv2%2Fmedia&parent=1450"}],"wp:term":[{"taxonomy":"category","embeddable":true,"href":"https:\/\/www.ticmais.pt\/index.php?rest_route=%2Fwp%2Fv2%2Fcategories&post=1450"},{"taxonomy":"post_tag","embeddable":true,"href":"https:\/\/www.ticmais.pt\/index.php?rest_route=%2Fwp%2Fv2%2Ftags&post=1450"}],"curies":[{"name":"wp","href":"https:\/\/api.w.org\/{rel}","templated":true}]}}