{"id":1468,"date":"2009-01-13T03:01:15","date_gmt":"2009-01-13T03:01:15","guid":{"rendered":"http:\/\/www.ticmais.pt\/?p=1468"},"modified":"2009-01-13T03:01:15","modified_gmt":"2009-01-13T03:01:15","slug":"comissao-aprova-desregulamentacao-parcial-da-banda-larga-em-portugal","status":"publish","type":"post","link":"https:\/\/www.ticmais.pt\/?p=1468","title":{"rendered":"Comiss\u00e3o aprova desregulamenta\u00e7\u00e3o parcial da banda larga em Portugal"},"content":{"rendered":"<table style=\"width: 100%;\" border=\"0\" cellspacing=\"5\" cellpadding=\"5\" align=\"justify\">\n<tbody>\n<tr>\n<td width=\"160\" valign=\"top\">\n<p align=\"justify\"><img decoding=\"async\" src=\"\/\/www.ticmais.pt\/ticmais\/imagens\/Comissao%20aprova%20desregulamentacao%20parcial%20da%20banda%20larga%20em%20Portugal.png\" alt=\"\" \/><\/p>\n<\/td>\n<td valign=\"top\">\n<p align=\"justify\">A Comiss\u00e3o declarou hoje que aprovou a proposta do regulador portugu\u00eas das telecomunica\u00e7\u00f5es de desregulamentar algumas partes do mercado grossista da banda larga, que abrangem cerca de 61% das linhas de banda larga portuguesas.\u00a0<\/p>\n<\/td>\n<\/tr>\n<\/tbody>\n<\/table>\n<p><!--more--><\/p>\n<table style=\"width: 100%;\" border=\"0\" cellspacing=\"5\" cellpadding=\"5\" align=\"justify\">\n<tbody>\n<tr>\n<td valign=\"top\">\n<p align=\"justify\">A proposta da ANACOM (Autoridade Nacional de Comunica\u00e7\u00f5es) \u00e9 um passo razo\u00e1vel no sentido de uma regula\u00e7\u00e3o com alvos mais espec\u00edficos, centrada nas zonas onde persistem problemas estruturais de concorr\u00eancia. A Comiss\u00e3o tinha tamb\u00e9m instado a uma regula\u00e7\u00e3o eficaz nas regi\u00f5es onde persistem problemas de concorr\u00eancia. Estando em curso a transi\u00e7\u00e3o, em Portugal e na UE, para redes de fibra da pr\u00f3xima gera\u00e7\u00e3o, mais r\u00e1pidas e de maior capacidade, a Comiss\u00e3o sublinhou ser importante que os operadores alternativos tenham acesso \u00e0s novas tecnologias de fibra.<\/p>\n<p align=\"justify\">Esta aprova\u00e7\u00e3o tem como consequ\u00eancia que a PT passa a n\u00e3o estar sujeita a um conjunto de restri\u00e7\u00f5es de pre\u00e7os na rela\u00e7\u00e3o com outros operadores.<\/p>\n<p align=\"justify\">O facto de existirem, no m\u00ednimo, tr\u00eas operadores nas regi\u00f5es em quest\u00e3o e uma &#8220;grande quantidade de agregados familiares com acesso \u00e0 rede de cabo&#8221; foi a condi\u00e7\u00e3o observada pela Anacom.<\/p>\n<\/td>\n<\/tr>\n<\/tbody>\n<\/table>\n","protected":false},"excerpt":{"rendered":"<p>A Comiss\u00e3o declarou hoje que aprovou a proposta do regulador portugu\u00eas das telecomunica\u00e7\u00f5es de desregulamentar algumas partes do mercado grossista da banda larga, que abrangem cerca de 61% das linhas de banda larga portuguesas.\u00a0<\/p>\n","protected":false},"author":1,"featured_media":0,"comment_status":"closed","ping_status":"closed","sticky":false,"template":"","format":"standard","meta":{"footnotes":""},"categories":[15],"tags":[34,132],"class_list":["post-1468","post","type-post","status-publish","format-standard","hentry","category-tic-mais","tag-internet","tag-portugal"],"_links":{"self":[{"href":"https:\/\/www.ticmais.pt\/index.php?rest_route=\/wp\/v2\/posts\/1468","targetHints":{"allow":["GET"]}}],"collection":[{"href":"https:\/\/www.ticmais.pt\/index.php?rest_route=\/wp\/v2\/posts"}],"about":[{"href":"https:\/\/www.ticmais.pt\/index.php?rest_route=\/wp\/v2\/types\/post"}],"author":[{"embeddable":true,"href":"https:\/\/www.ticmais.pt\/index.php?rest_route=\/wp\/v2\/users\/1"}],"replies":[{"embeddable":true,"href":"https:\/\/www.ticmais.pt\/index.php?rest_route=%2Fwp%2Fv2%2Fcomments&post=1468"}],"version-history":[{"count":0,"href":"https:\/\/www.ticmais.pt\/index.php?rest_route=\/wp\/v2\/posts\/1468\/revisions"}],"wp:attachment":[{"href":"https:\/\/www.ticmais.pt\/index.php?rest_route=%2Fwp%2Fv2%2Fmedia&parent=1468"}],"wp:term":[{"taxonomy":"category","embeddable":true,"href":"https:\/\/www.ticmais.pt\/index.php?rest_route=%2Fwp%2Fv2%2Fcategories&post=1468"},{"taxonomy":"post_tag","embeddable":true,"href":"https:\/\/www.ticmais.pt\/index.php?rest_route=%2Fwp%2Fv2%2Ftags&post=1468"}],"curies":[{"name":"wp","href":"https:\/\/api.w.org\/{rel}","templated":true}]}}