{"id":1469,"date":"2009-01-13T03:29:08","date_gmt":"2009-01-13T03:29:08","guid":{"rendered":"http:\/\/www.ticmais.pt\/?p=1469"},"modified":"2009-01-13T03:29:08","modified_gmt":"2009-01-13T03:29:08","slug":"tdt-arranca-no-final-de-abril","status":"publish","type":"post","link":"https:\/\/www.ticmais.pt\/?p=1469","title":{"rendered":"TDT arranca no final de Abril"},"content":{"rendered":"<table style=\"width: 100%;\" border=\"0\" cellspacing=\"5\" cellpadding=\"5\" align=\"justify\">\n<tbody>\n<tr>\n<td width=\"160\" valign=\"top\">\n<p align=\"justify\"><img decoding=\"async\" src=\"\/\/www.ticmais.pt\/ticmais\/imagens\/TDT%20arranca%20no%20final%20de%20Abril.png\" alt=\"\" \/><\/p>\n<\/td>\n<td valign=\"top\">\n<p align=\"justify\">Foi anunciado pela Portugal Telecom\u00a0 que a Televis\u00e3o Digital Terrestre vai arrancar no nosso pa\u00eds\u00a0 no pr\u00f3ximo dia 29 de Abril. O servi\u00e7o, ainda em fase de testes, vai estrear em oito a doze localidades diferentes, no Continente e Ilhas.<\/p>\n<\/td>\n<\/tr>\n<\/tbody>\n<\/table>\n<p><!--more--><\/p>\n<table style=\"width: 100%;\" border=\"0\" cellspacing=\"5\" cellpadding=\"5\" align=\"justify\">\n<tbody>\n<tr>\n<td valign=\"top\">\n<p align=\"justify\">De acordo com Zeinal Bava, presidente executivo do Portugal Telecom, empresa ganhadora do concurso para operar a TDT em Portugal, o servi\u00e7o ser\u00e1 lan\u00e7ado em fase de testes dentro de aproximadamente tr\u00eas meses.<\/p>\n<p align=\"justify\">Com o objectivo de divulgar a tecnologia, foi anunciado a cria\u00e7\u00e3o do For\u00fam TDT, que junta a Portugal Telecom, a RTP, a SIC e a TVI..<\/p>\n<p align=\"justify\">Com esse prop\u00f3sito, foi lan\u00e7ado um site sobre a tem\u00e1tica, em <a href=\"http:\/\/tdt.telecom.pt\" target=\"_blank\">http:\/\/tdt.telecom.pt<\/a><\/p>\n<\/td>\n<\/tr>\n<tr>\n<td valign=\"top\">\n<p align=\"justify\">Fonte: <a href=\"http:\/\/www.jornaldenegocios.pt\/\" target=\"_blank\">Jornal de Neg\u00f3cios<\/a><\/p>\n<\/td>\n<\/tr>\n<\/tbody>\n<\/table>\n","protected":false},"excerpt":{"rendered":"<p>Foi anunciado pela Portugal Telecom\u00a0 que a Televis\u00e3o Digital Terrestre vai arrancar no nosso pa\u00eds\u00a0 no pr\u00f3ximo dia 29 de Abril. O servi\u00e7o, ainda em fase de testes, vai estrear em oito a doze localidades diferentes, no Continente e Ilhas.<\/p>\n","protected":false},"author":1,"featured_media":0,"comment_status":"closed","ping_status":"closed","sticky":false,"template":"","format":"standard","meta":{"footnotes":""},"categories":[15],"tags":[132,181],"class_list":["post-1469","post","type-post","status-publish","format-standard","hentry","category-tic-mais","tag-portugal","tag-tdt"],"_links":{"self":[{"href":"https:\/\/www.ticmais.pt\/index.php?rest_route=\/wp\/v2\/posts\/1469","targetHints":{"allow":["GET"]}}],"collection":[{"href":"https:\/\/www.ticmais.pt\/index.php?rest_route=\/wp\/v2\/posts"}],"about":[{"href":"https:\/\/www.ticmais.pt\/index.php?rest_route=\/wp\/v2\/types\/post"}],"author":[{"embeddable":true,"href":"https:\/\/www.ticmais.pt\/index.php?rest_route=\/wp\/v2\/users\/1"}],"replies":[{"embeddable":true,"href":"https:\/\/www.ticmais.pt\/index.php?rest_route=%2Fwp%2Fv2%2Fcomments&post=1469"}],"version-history":[{"count":0,"href":"https:\/\/www.ticmais.pt\/index.php?rest_route=\/wp\/v2\/posts\/1469\/revisions"}],"wp:attachment":[{"href":"https:\/\/www.ticmais.pt\/index.php?rest_route=%2Fwp%2Fv2%2Fmedia&parent=1469"}],"wp:term":[{"taxonomy":"category","embeddable":true,"href":"https:\/\/www.ticmais.pt\/index.php?rest_route=%2Fwp%2Fv2%2Fcategories&post=1469"},{"taxonomy":"post_tag","embeddable":true,"href":"https:\/\/www.ticmais.pt\/index.php?rest_route=%2Fwp%2Fv2%2Ftags&post=1469"}],"curies":[{"name":"wp","href":"https:\/\/api.w.org\/{rel}","templated":true}]}}