{"id":1470,"date":"2009-01-14T19:25:45","date_gmt":"2009-01-14T19:25:45","guid":{"rendered":"http:\/\/www.ticmais.pt\/?p=1470"},"modified":"2009-01-14T19:25:45","modified_gmt":"2009-01-14T19:25:45","slug":"passaportes-biometricos-aprovados-pelo-parlamento-europeu","status":"publish","type":"post","link":"https:\/\/www.ticmais.pt\/?p=1470","title":{"rendered":"Passaportes biom\u00e9tricos aprovados pelo Parlamento Europeu"},"content":{"rendered":"<table style=\"width: 100%;\" border=\"0\" cellspacing=\"5\" cellpadding=\"5\" align=\"justify\">\n<tbody>\n<tr>\n<td width=\"160\" valign=\"top\">\n<p align=\"justify\"><img decoding=\"async\" src=\"\/\/www.ticmais.pt\/ticmais\/imagens\/Passaportes%20biometricos%20aprovados%20pelo%20Parlamento%20Europeu.png\" alt=\"\" \/><\/p>\n<\/td>\n<td valign=\"top\">\n<p align=\"justify\">Foi aprovado pelo Parlamento Europeu a revis\u00e3o do regulamento sobre os elementos de identifica\u00e7\u00e3o internacional, dando acolhimento \u00e0 introdu\u00e7\u00e3o de dados biom\u00e9tricos nos passaportes dos cidad\u00e3os. Esta ideia foi apresentada pelo eurodeputado do PSD, Carlos Coelho.<\/p>\n<\/td>\n<\/tr>\n<\/tbody>\n<\/table>\n<p><!--more--><\/p>\n<table style=\"width: 100%;\" border=\"0\" cellspacing=\"5\" cellpadding=\"5\" align=\"justify\">\n<tbody>\n<tr>\n<td valign=\"top\">\n<p align=\"justify\">Assim, todos os pa\u00edses membros dever\u00e3o implementar sistemas de identifica\u00e7\u00e3o com chip, onde ser\u00e1 gravada toda a informa\u00e7\u00e3o biom\u00e9trica do utilizador, onde se incluem ios tra\u00e7os faciais, impress\u00f5es das m\u00e3os, dedos e ir\u00eds.<\/p>\n<p align=\"justify\">De acordo com a proposta do eurodeputado portugu\u00eas, as impress\u00f5es digitais dever\u00e3o constar nos passaportes biom\u00e9tricos de todos os cidad\u00e3os com mais de 11 anos, exceptuando aqueles que estejam incapacitados fisicamente para tal. Para essas situa\u00e7\u00f5es, os passaportes ter\u00e3o a dura\u00e7\u00e3o m\u00e1xima de um ano.<\/p>\n<p align=\"justify\">Com o objectivo de combater o tr\u00e1fego ilegal de menores ser\u00e1 implementado o principio &#8220;uma pessoa, um passaporte&#8221;, deixando os pais de poder associar os filhos aos seus passaportes. <br \/>\nEstas medidas dever\u00e3o estar aplicadas dentro de tr\u00eas anos em todos os pa\u00edses.<\/p>\n<p align=\"justify\">A partir de 29 de Junho deste ano, o novo regulamento entrar\u00e1 em vigor nos 27 Estados membros, mais a Isl\u00e2ndia, Noruega e Su\u00ed\u00e7a.<\/p>\n<\/td>\n<\/tr>\n<tr>\n<td valign=\"top\">\n<p align=\"justify\">Fonte:<a href=\"http:\/\/tek.sapo.pt\/\" target=\"_blank\">Tek SAPO<\/a><\/p>\n<\/td>\n<\/tr>\n<\/tbody>\n<\/table>\n","protected":false},"excerpt":{"rendered":"<p>Foi aprovado pelo Parlamento Europeu a revis\u00e3o do regulamento sobre os elementos de identifica\u00e7\u00e3o internacional, dando acolhimento \u00e0 introdu\u00e7\u00e3o de dados biom\u00e9tricos nos passaportes dos cidad\u00e3os. Esta ideia foi apresentada pelo eurodeputado do PSD, Carlos Coelho.<\/p>\n","protected":false},"author":1,"featured_media":0,"comment_status":"closed","ping_status":"closed","sticky":false,"template":"","format":"standard","meta":{"footnotes":""},"categories":[15],"tags":[7,99],"class_list":["post-1470","post","type-post","status-publish","format-standard","hentry","category-tic-mais","tag-egov","tag-uniao-europeia"],"_links":{"self":[{"href":"https:\/\/www.ticmais.pt\/index.php?rest_route=\/wp\/v2\/posts\/1470","targetHints":{"allow":["GET"]}}],"collection":[{"href":"https:\/\/www.ticmais.pt\/index.php?rest_route=\/wp\/v2\/posts"}],"about":[{"href":"https:\/\/www.ticmais.pt\/index.php?rest_route=\/wp\/v2\/types\/post"}],"author":[{"embeddable":true,"href":"https:\/\/www.ticmais.pt\/index.php?rest_route=\/wp\/v2\/users\/1"}],"replies":[{"embeddable":true,"href":"https:\/\/www.ticmais.pt\/index.php?rest_route=%2Fwp%2Fv2%2Fcomments&post=1470"}],"version-history":[{"count":0,"href":"https:\/\/www.ticmais.pt\/index.php?rest_route=\/wp\/v2\/posts\/1470\/revisions"}],"wp:attachment":[{"href":"https:\/\/www.ticmais.pt\/index.php?rest_route=%2Fwp%2Fv2%2Fmedia&parent=1470"}],"wp:term":[{"taxonomy":"category","embeddable":true,"href":"https:\/\/www.ticmais.pt\/index.php?rest_route=%2Fwp%2Fv2%2Fcategories&post=1470"},{"taxonomy":"post_tag","embeddable":true,"href":"https:\/\/www.ticmais.pt\/index.php?rest_route=%2Fwp%2Fv2%2Ftags&post=1470"}],"curies":[{"name":"wp","href":"https:\/\/api.w.org\/{rel}","templated":true}]}}