{"id":1471,"date":"2009-01-14T20:00:01","date_gmt":"2009-01-14T20:00:01","guid":{"rendered":"http:\/\/www.ticmais.pt\/?p=1471"},"modified":"2009-01-14T20:00:01","modified_gmt":"2009-01-14T20:00:01","slug":"novas-redes-comunitarias-de-banda-larga-em-construcao","status":"publish","type":"post","link":"https:\/\/www.ticmais.pt\/?p=1471","title":{"rendered":"Novas Redes Comunit\u00e1rias de Banda Larga em constru\u00e7\u00e3o"},"content":{"rendered":"<table style=\"width: 100%;\" border=\"0\" cellspacing=\"5\" cellpadding=\"5\" align=\"justify\">\n<tbody>\n<tr>\n<td width=\"160\" valign=\"top\">\n<p align=\"justify\"><img decoding=\"async\" src=\"\/\/www.ticmais.pt\/ticmais\/imagens\/Novas%20Redes%20Comunitarias%20de%20Banda%20Larga%20em%20construcao.jpg\" alt=\"\" \/><\/p>\n<\/td>\n<td valign=\"top\">\n<p align=\"justify\">No <a href=\"http:\/\/www.amde.pt\/\" target=\"_blank\">Distrito de \u00c9vora<\/a>, na <a href=\"http:\/\/www.terraquentedigital.espigueiro.pt\/check_browser.html\" target=\"_blank\">Terra Quente Transmontana<\/a> e nos <a href=\"http:\/\/www.valedominho.pt\/\" target=\"_blank\">Vales do Minho<\/a> e do <a href=\"http:\/\/www.adril.pt\/valedolima.php\" target=\"_blank\">Lima<\/a> est\u00e3o em curso os correspondentes projectos de constru\u00e7\u00e3o de Redes Comunit\u00e1rias de Banda larga, os quais poder\u00e3o ser acompanhados via <a href=\"http:\/\/www.umic.pt\/index.php?option=com_content&amp;task=view&amp;id=3062&amp;Itemid=186\" target=\"_blank\">Internet<\/a>, para ver a sua evolu\u00e7\u00e3o semanal.<\/p>\n<\/td>\n<\/tr>\n<\/tbody>\n<\/table>\n<p><!--more--><\/p>\n<table style=\"width: 100%;\" border=\"0\" cellspacing=\"5\" cellpadding=\"5\" align=\"justify\">\n<tbody>\n<tr>\n<td valign=\"top\">\n<p align=\"justify\">Esta iniciativa de constru\u00e7\u00e3o de Redes de Nova Gera\u00e7\u00e3o tem como objectivo colmatar as lacunas de mercado ao n\u00edvel das telecomunica\u00e7\u00f5es em regi\u00f5es desfavorecidas, atrav\u00e9s recurso \u00e0 instala\u00e7\u00e3o de an\u00e9is em cabo de fibra \u00f3ptica.<\/p>\n<p align=\"justify\">Totalizando uma extens\u00e3o superior a mil quil\u00f3metros de cabo de fibra \u00f3ptica, num investimento de 34 milh\u00f5es de euros, estes projectos inserem-se no \u00e2mbito <br \/>\nPrograma Operacional Sociedade do Conhecimento (POSC).\u00a0<\/p>\n<\/td>\n<\/tr>\n<tr>\n<td valign=\"top\">\n<p align=\"justify\">Fonte:<a href=\"http:\/\/www.i-gov.org\/\" target=\"_blank\">iGOV Local<\/a><\/p>\n<\/td>\n<\/tr>\n<\/tbody>\n<\/table>\n","protected":false},"excerpt":{"rendered":"<p>No Distrito de \u00c9vora, na Terra Quente Transmontana e nos Vales do Minho e do Lima est\u00e3o em curso os correspondentes projectos de constru\u00e7\u00e3o de Redes Comunit\u00e1rias de Banda larga, os quais poder\u00e3o ser acompanhados via Internet, para ver a sua evolu\u00e7\u00e3o semanal.<\/p>\n","protected":false},"author":1,"featured_media":0,"comment_status":"closed","ping_status":"closed","sticky":false,"template":"","format":"standard","meta":{"footnotes":""},"categories":[15],"tags":[34,86],"class_list":["post-1471","post","type-post","status-publish","format-standard","hentry","category-tic-mais","tag-internet","tag-redes"],"_links":{"self":[{"href":"https:\/\/www.ticmais.pt\/index.php?rest_route=\/wp\/v2\/posts\/1471","targetHints":{"allow":["GET"]}}],"collection":[{"href":"https:\/\/www.ticmais.pt\/index.php?rest_route=\/wp\/v2\/posts"}],"about":[{"href":"https:\/\/www.ticmais.pt\/index.php?rest_route=\/wp\/v2\/types\/post"}],"author":[{"embeddable":true,"href":"https:\/\/www.ticmais.pt\/index.php?rest_route=\/wp\/v2\/users\/1"}],"replies":[{"embeddable":true,"href":"https:\/\/www.ticmais.pt\/index.php?rest_route=%2Fwp%2Fv2%2Fcomments&post=1471"}],"version-history":[{"count":0,"href":"https:\/\/www.ticmais.pt\/index.php?rest_route=\/wp\/v2\/posts\/1471\/revisions"}],"wp:attachment":[{"href":"https:\/\/www.ticmais.pt\/index.php?rest_route=%2Fwp%2Fv2%2Fmedia&parent=1471"}],"wp:term":[{"taxonomy":"category","embeddable":true,"href":"https:\/\/www.ticmais.pt\/index.php?rest_route=%2Fwp%2Fv2%2Fcategories&post=1471"},{"taxonomy":"post_tag","embeddable":true,"href":"https:\/\/www.ticmais.pt\/index.php?rest_route=%2Fwp%2Fv2%2Ftags&post=1471"}],"curies":[{"name":"wp","href":"https:\/\/api.w.org\/{rel}","templated":true}]}}