{"id":1473,"date":"2009-01-15T17:14:16","date_gmt":"2009-01-15T17:14:16","guid":{"rendered":"http:\/\/www.ticmais.pt\/?p=1473"},"modified":"2009-01-15T17:14:16","modified_gmt":"2009-01-15T17:14:16","slug":"primeiros-detalhes-do-novo-processador-intel-atom-n280","status":"publish","type":"post","link":"https:\/\/www.ticmais.pt\/?p=1473","title":{"rendered":"Primeiros detalhes do novo processador Intel Atom N280"},"content":{"rendered":"<table style=\"width: 100%;\" border=\"0\" cellspacing=\"5\" cellpadding=\"5\" align=\"justify\">\n<tbody>\n<tr>\n<td width=\"160\" valign=\"top\">\n<p align=\"justify\"><img decoding=\"async\" src=\"\/\/www.ticmais.pt\/ticmais\/imagens\/Primeiros%20detalhes%20do%20novo%20processador%20Intel%20.jpg\" alt=\"\" \/><\/p>\n<\/td>\n<td valign=\"top\">\n<p align=\"justify\">Segundo o portal <a href=\"http:\/\/newticias.com\/\" target=\"_blank\">Newticias<\/a>, em Junho de 2008, quando a Intel introduziu pela primeira vez o seu processador Atom N270, todos os reviewers acharam a sua performance suficiente para utiliza\u00e7\u00e3o em aplica\u00e7\u00f5es ULPC. Durante um per\u00edodo de 6 meses, ficou evidente que os ULPCs s\u00e3o necess\u00e1rios para um pouco mais do que internet. <a href=\"http:\/\/newticias.com\/noticias-processadores-primeiros-detalhes-do-novo-processador-intel-atom-n280,4881.php?a=0\" target=\"_blank\">(Mais,,,)<\/a><\/p>\n<\/td>\n<\/tr>\n<\/tbody>\n<\/table>\n<p><br class=\"spacer_\" \/><\/p>\n","protected":false},"excerpt":{"rendered":"<p>Segundo o portal Newticias, em Junho de 2008, quando a Intel introduziu pela primeira vez o seu processador Atom N270, todos os reviewers acharam a sua performance suficiente para utiliza\u00e7\u00e3o em aplica\u00e7\u00f5es ULPC. Durante um per\u00edodo de 6 meses, ficou evidente que os ULPCs s\u00e3o necess\u00e1rios para um pouco mais do que internet. (Mais,,,)<\/p>\n","protected":false},"author":1,"featured_media":0,"comment_status":"closed","ping_status":"closed","sticky":false,"template":"","format":"standard","meta":{"footnotes":""},"categories":[15],"tags":[222,79,155],"class_list":["post-1473","post","type-post","status-publish","format-standard","hentry","category-tic-mais","tag-atom","tag-intel","tag-processadores"],"_links":{"self":[{"href":"https:\/\/www.ticmais.pt\/index.php?rest_route=\/wp\/v2\/posts\/1473","targetHints":{"allow":["GET"]}}],"collection":[{"href":"https:\/\/www.ticmais.pt\/index.php?rest_route=\/wp\/v2\/posts"}],"about":[{"href":"https:\/\/www.ticmais.pt\/index.php?rest_route=\/wp\/v2\/types\/post"}],"author":[{"embeddable":true,"href":"https:\/\/www.ticmais.pt\/index.php?rest_route=\/wp\/v2\/users\/1"}],"replies":[{"embeddable":true,"href":"https:\/\/www.ticmais.pt\/index.php?rest_route=%2Fwp%2Fv2%2Fcomments&post=1473"}],"version-history":[{"count":0,"href":"https:\/\/www.ticmais.pt\/index.php?rest_route=\/wp\/v2\/posts\/1473\/revisions"}],"wp:attachment":[{"href":"https:\/\/www.ticmais.pt\/index.php?rest_route=%2Fwp%2Fv2%2Fmedia&parent=1473"}],"wp:term":[{"taxonomy":"category","embeddable":true,"href":"https:\/\/www.ticmais.pt\/index.php?rest_route=%2Fwp%2Fv2%2Fcategories&post=1473"},{"taxonomy":"post_tag","embeddable":true,"href":"https:\/\/www.ticmais.pt\/index.php?rest_route=%2Fwp%2Fv2%2Ftags&post=1473"}],"curies":[{"name":"wp","href":"https:\/\/api.w.org\/{rel}","templated":true}]}}