{"id":1474,"date":"2009-01-16T05:14:54","date_gmt":"2009-01-16T05:14:54","guid":{"rendered":"http:\/\/www.ticmais.pt\/?p=1474"},"modified":"2009-01-16T05:14:54","modified_gmt":"2009-01-16T05:14:54","slug":"crescimento-dos-ultra-portateis-nao-evita-recessao","status":"publish","type":"post","link":"https:\/\/www.ticmais.pt\/?p=1474","title":{"rendered":"Crescimento dos Ultra-port\u00e1teis n\u00e3o evita recess\u00e3o"},"content":{"rendered":"<table style=\"width: 100%;\" border=\"0\" cellspacing=\"5\" cellpadding=\"5\" align=\"justify\">\n<tbody>\n<tr>\n<td width=\"160\" valign=\"top\">\n<p align=\"justify\"><img decoding=\"async\" src=\"\/\/www.ticmais.pt\/ticmais\/imagens\/Crescimento%20dos%20Ultra%20portateis%20nao%20evita%20recessao.png\" alt=\"\" \/><\/p>\n<\/td>\n<td valign=\"top\">\n<p align=\"justify\">Em 2008, as vendas de ultra-port\u00e1teis cifrou-se na casa dos 10 milh\u00f5es de unidades. No ano que acab\u00e1mos de iniciar dever\u00e3o duplicar. Esta \u00e9 a previs\u00e3o da consultora IDC, que reconhece uma prefer\u00eancia cada vez mais marcada dos consumidores por este tipo de equipamentos, mas tamb\u00e9m salienta que esse facto n\u00e3o ser\u00e1 bastante para suportar o ritmo de crescimento que se verificou nos \u00faltimos anos.<\/p>\n<\/td>\n<\/tr>\n<\/tbody>\n<\/table>\n<p><!--more--><\/p>\n<table style=\"width: 100%;\" border=\"0\" cellspacing=\"5\" cellpadding=\"5\" align=\"justify\">\n<tbody>\n<tr>\n<td valign=\"top\">\n<p align=\"justify\">Tudo aponta para que a crise financeira seja mais forte e conseguir\u00e1 impedir a pendor de crescimento que se verificou durante os \u00faltimos seis anos. Apesar\u00a0 desta previs\u00e3o n\u00e3o ser a primeira, j\u00e1 outros indicadores e outras consultoras o previram, mas\u00a0 \u00e9 mais uma a confirmar a tend\u00eancia..<\/p>\n<p align=\"justify\">A IDC defende que nem o novo Windows 7 ser\u00e1 capaz de impulsionar positivamente o mercado e impedir a prevista queda das vendas na ordem dos 0,4 por cento.<\/p>\n<p align=\"justify\">Para a consultora os ultra-port\u00e1teis s\u00e3o os PCs com ecr\u00e3 entre 7 e 12 polegadas. Neste grupo, acredita a IDC que ser\u00e3o os port\u00e1teis de menor custo a merecer as aten\u00e7\u00f5es do consumidor, nomeadamente aqueles com pre\u00e7os entre os 300 e os 500 d\u00f3lares.<\/p>\n<\/td>\n<\/tr>\n<tr>\n<td valign=\"top\">\n<p align=\"justify\">Fonte: <a href=\"http:\/\/tek.sapo.pt\/\" target=\"_blank\">Tek SAPO<\/a><\/p>\n<\/td>\n<\/tr>\n<tr>\n<td style=\"background-color: #e2dedf;\">\n<p>Not\u00edcias relacionadas:<br \/>\n<a href=\"http:\/\/exameinformatica.clix.pt\/noticias\/mercados\/1001545.html\" target=\"_blank\">Lucros da Intel caem 90% no \u00faltimo trimestre de 2008<\/a><br \/>\n<a href=\"http:\/\/digitaldrops.com.br\/drops\/2009\/01\/mobile-internet-device-da-mio-com-gps-e-tela-de-7%e2%80%9d.html\" target=\"_blank\">Mobile Internet Device da Mio com GPS e\u00a0Ecr\u00e3 de 7\u201d<\/a><br \/>\n<a href=\"http:\/\/digitaldrops.com.br\/drops\/2009\/01\/archos-10-mais-um-notebook-ultra-portatil.html\" target=\"_blank\">Archos 10, Mais Um Notebook Ultra Port\u00e1til!<\/a><\/p>\n<\/td>\n<\/tr>\n<\/tbody>\n<\/table>\n","protected":false},"excerpt":{"rendered":"<p>Em 2008, as vendas de ultra-port\u00e1teis cifrou-se na casa dos 10 milh\u00f5es de unidades. No ano que acab\u00e1mos de iniciar dever\u00e3o duplicar. Esta \u00e9 a previs\u00e3o da consultora IDC, que reconhece uma prefer\u00eancia cada vez mais marcada dos consumidores por este tipo de equipamentos, mas tamb\u00e9m salienta que esse facto n\u00e3o ser\u00e1 bastante para suportar [&hellip;]<\/p>\n","protected":false},"author":1,"featured_media":0,"comment_status":"closed","ping_status":"closed","sticky":false,"template":"","format":"standard","meta":{"footnotes":""},"categories":[15],"tags":[72,80],"class_list":["post-1474","post","type-post","status-publish","format-standard","hentry","category-tic-mais","tag-hardware","tag-netbooks"],"_links":{"self":[{"href":"https:\/\/www.ticmais.pt\/index.php?rest_route=\/wp\/v2\/posts\/1474","targetHints":{"allow":["GET"]}}],"collection":[{"href":"https:\/\/www.ticmais.pt\/index.php?rest_route=\/wp\/v2\/posts"}],"about":[{"href":"https:\/\/www.ticmais.pt\/index.php?rest_route=\/wp\/v2\/types\/post"}],"author":[{"embeddable":true,"href":"https:\/\/www.ticmais.pt\/index.php?rest_route=\/wp\/v2\/users\/1"}],"replies":[{"embeddable":true,"href":"https:\/\/www.ticmais.pt\/index.php?rest_route=%2Fwp%2Fv2%2Fcomments&post=1474"}],"version-history":[{"count":0,"href":"https:\/\/www.ticmais.pt\/index.php?rest_route=\/wp\/v2\/posts\/1474\/revisions"}],"wp:attachment":[{"href":"https:\/\/www.ticmais.pt\/index.php?rest_route=%2Fwp%2Fv2%2Fmedia&parent=1474"}],"wp:term":[{"taxonomy":"category","embeddable":true,"href":"https:\/\/www.ticmais.pt\/index.php?rest_route=%2Fwp%2Fv2%2Fcategories&post=1474"},{"taxonomy":"post_tag","embeddable":true,"href":"https:\/\/www.ticmais.pt\/index.php?rest_route=%2Fwp%2Fv2%2Ftags&post=1474"}],"curies":[{"name":"wp","href":"https:\/\/api.w.org\/{rel}","templated":true}]}}