{"id":1489,"date":"2009-01-29T00:36:28","date_gmt":"2009-01-29T00:36:28","guid":{"rendered":"http:\/\/www.ticmais.pt\/?p=1489"},"modified":"2009-01-29T00:36:28","modified_gmt":"2009-01-29T00:36:28","slug":"tv-montijo-ja-emite","status":"publish","type":"post","link":"https:\/\/www.ticmais.pt\/?p=1489","title":{"rendered":"TV Montijo j\u00e1 emite"},"content":{"rendered":"<table style=\"width: 100%;\" border=\"0\" cellspacing=\"5\" cellpadding=\"5\" align=\"justify\">\n<tbody>\n<tr>\n<td width=\"160\" valign=\"top\">\n<p align=\"justify\"><img decoding=\"async\" src=\"\/\/www.ticmais.pt\/ticmais\/imagens\/TV%20Montijo%20ja%20emite.jpg\" alt=\"\" \/><\/p>\n<\/td>\n<td valign=\"top\">\n<p align=\"justify\">O <a href=\"http:\/\/www.mun-montijo.pt\/pt\/\" target=\"_blank\">munic\u00edpio do Montijo<\/a> acaba de implementar o canal <a href=\"http:\/\/www.cmmontijotv.com\/tv\/\" target=\"_blank\">TV Montijo<\/a>, novo meio para publicar, programar e emitir conte\u00fados em locais p\u00fablicos da cidade.<\/p>\n<\/td>\n<\/tr>\n<\/tbody>\n<\/table>\n<p><!--more--><\/p>\n<table style=\"width: 100%;\" border=\"0\" cellspacing=\"5\" cellpadding=\"5\" align=\"justify\">\n<tbody>\n<tr>\n<td valign=\"top\">\n<p align=\"justify\">Para a autarquia, este \u00e9 o meio de \u00abefectivar a aproxima\u00e7\u00e3o da C\u00e2mara aos seus mun\u00edcipes\u00bb, atrav\u00e9s da divulga\u00e7\u00e3o das \u00abactividades e iniciativas municipais, permitindo uma maior participa\u00e7\u00e3o de todos os cidad\u00e3os na vida cultural, social, desportiva e econ\u00f3mica do concelho\u00bb.<\/p>\n<p align=\"justify\">Conjuntamente com a cria\u00e7\u00e3o da TV Montijo, foi tamb\u00e9m desenvolvido um site onde s\u00e3o disponibilizados todos os conte\u00fados e v\u00eddeos transmitidos no canal.<\/p>\n<\/td>\n<\/tr>\n<tr>\n<td valign=\"top\">\n<p align=\"justify\">Fonte:<a href=\"http:\/\/www.i-gov.org\/\" target=\"_blank\">IGOV Local<\/a><\/p>\n<\/td>\n<\/tr>\n<tr>\n<td style=\"background-color: #e2dedf;\">\n<p>Not\u00edcias relacionadas:<br \/>\n<a href=\"http:\/\/tek.sapo.pt\/noticias\/computadores\/zorrinho_apela_ao_voto_autarquico_pela_inovac_910534.html\" target=\"_blank\">Dois projectos no \u00e2mbito da sociedade do conhecimento por cada rotunda que planeiem<\/a><\/p>\n<\/td>\n<\/tr>\n<\/tbody>\n<\/table>\n","protected":false},"excerpt":{"rendered":"<p>O munic\u00edpio do Montijo acaba de implementar o canal TV Montijo, novo meio para publicar, programar e emitir conte\u00fados em locais p\u00fablicos da cidade.<\/p>\n","protected":false},"author":1,"featured_media":0,"comment_status":"closed","ping_status":"closed","sticky":false,"template":"","format":"standard","meta":{"footnotes":""},"categories":[15],"tags":[5,85],"class_list":["post-1489","post","type-post","status-publish","format-standard","hentry","category-tic-mais","tag-cidadania","tag-sociedade"],"_links":{"self":[{"href":"https:\/\/www.ticmais.pt\/index.php?rest_route=\/wp\/v2\/posts\/1489","targetHints":{"allow":["GET"]}}],"collection":[{"href":"https:\/\/www.ticmais.pt\/index.php?rest_route=\/wp\/v2\/posts"}],"about":[{"href":"https:\/\/www.ticmais.pt\/index.php?rest_route=\/wp\/v2\/types\/post"}],"author":[{"embeddable":true,"href":"https:\/\/www.ticmais.pt\/index.php?rest_route=\/wp\/v2\/users\/1"}],"replies":[{"embeddable":true,"href":"https:\/\/www.ticmais.pt\/index.php?rest_route=%2Fwp%2Fv2%2Fcomments&post=1489"}],"version-history":[{"count":0,"href":"https:\/\/www.ticmais.pt\/index.php?rest_route=\/wp\/v2\/posts\/1489\/revisions"}],"wp:attachment":[{"href":"https:\/\/www.ticmais.pt\/index.php?rest_route=%2Fwp%2Fv2%2Fmedia&parent=1489"}],"wp:term":[{"taxonomy":"category","embeddable":true,"href":"https:\/\/www.ticmais.pt\/index.php?rest_route=%2Fwp%2Fv2%2Fcategories&post=1489"},{"taxonomy":"post_tag","embeddable":true,"href":"https:\/\/www.ticmais.pt\/index.php?rest_route=%2Fwp%2Fv2%2Ftags&post=1489"}],"curies":[{"name":"wp","href":"https:\/\/api.w.org\/{rel}","templated":true}]}}