{"id":1504,"date":"2009-02-06T23:55:04","date_gmt":"2009-02-06T23:55:04","guid":{"rendered":"http:\/\/www.ticmais.pt\/?p=1504"},"modified":"2009-02-06T23:55:04","modified_gmt":"2009-02-06T23:55:04","slug":"segundo-analista-microsoft-pode-lancar-seu-proprio-smartphone","status":"publish","type":"post","link":"https:\/\/www.ticmais.pt\/?p=1504","title":{"rendered":"Segundo analista, Microsoft pode lan\u00e7ar seu pr\u00f3prio Smartphone"},"content":{"rendered":"<table style=\"width: 100%;\" border=\"0\" cellspacing=\"5\" cellpadding=\"5\" align=\"justify\">\n<tbody>\n<tr>\n<td width=\"160\" valign=\"top\">\n<p align=\"justify\"><img decoding=\"async\" src=\"\/\/www.ticmais.pt\/ticmais\/imagens\/Segundo%20analista%20Microsoft%20pode%20lancar%20seu%20proprio%20Smartphone.jpg\" alt=\"\" \/><\/p>\n<\/td>\n<td valign=\"top\">\n<p align=\"justify\">De acordo com o que escreveu ontem\u00a0o\u00a0analista Doug Freedman, da Broadpoint AmTech, um <em>Smartphone<\/em> da Microsoft pode ser apresentado no <a href=\"http:\/\/www.mobileworldcongress.com\/\" target=\"_blank\">Mobile World Congress<\/a>, que ocorrer\u00e1 em Barcelona entre os dias 16 e 19 de fevereiro de 2009.<\/p>\n<\/td>\n<\/tr>\n<\/tbody>\n<\/table>\n<p><!--more--><\/p>\n<table style=\"width: 100%;\" border=\"0\" cellspacing=\"5\" cellpadding=\"5\" align=\"justify\">\n<tbody>\n<tr>\n<td valign=\"top\">\n<p align=\"justify\">O aparelho da Microsoft incluiria o processador Tegra, da Nvidia e chip da Qualcomm).<\/p>\n<p align=\"justify\">Atrav\u00e9s de comunicado, Scott Rockfel, director do Windows Mobile, da Microsoft, negou-se a responder relativamente \u00e0s especula\u00e7\u00f5es. &#8220;N\u00e3o temos nada a anunciar no momento. Continuamos colaborando com a Nvidia em distribuir solu\u00e7\u00f5es inovadoras para a ind\u00fastria dos smartphones&#8221;, disse Scott Rockfel, diretor do Windows Mobile, em um comunicado.<\/p>\n<p align=\"justify\">De igual modo, a Nvidia, tamb\u00e9m se recusou a comentar o assunto.<\/p>\n<\/td>\n<\/tr>\n<tr>\n<td valign=\"top\">\n<p align=\"justify\">Fonte:<a href=\"http:\/\/idgnow.uol.com.br\/\" target=\"_blank\">IDG NOW<\/a>\u00a0e <a href=\"http:\/\/www.ubergizmo.com\/\" target=\"_blank\">Ubergizmo<\/a><\/p>\n<\/td>\n<\/tr>\n<\/tbody>\n<\/table>\n","protected":false},"excerpt":{"rendered":"<p>De acordo com o que escreveu ontem\u00a0o\u00a0analista Doug Freedman, da Broadpoint AmTech, um Smartphone da Microsoft pode ser apresentado no Mobile World Congress, que ocorrer\u00e1 em Barcelona entre os dias 16 e 19 de fevereiro de 2009.<\/p>\n","protected":false},"author":1,"featured_media":0,"comment_status":"closed","ping_status":"closed","sticky":false,"template":"","format":"standard","meta":{"footnotes":""},"categories":[15],"tags":[73,87,88],"class_list":["post-1504","post","type-post","status-publish","format-standard","hentry","category-tic-mais","tag-microsoft","tag-smartphones","tag-telemoveis"],"_links":{"self":[{"href":"https:\/\/www.ticmais.pt\/index.php?rest_route=\/wp\/v2\/posts\/1504","targetHints":{"allow":["GET"]}}],"collection":[{"href":"https:\/\/www.ticmais.pt\/index.php?rest_route=\/wp\/v2\/posts"}],"about":[{"href":"https:\/\/www.ticmais.pt\/index.php?rest_route=\/wp\/v2\/types\/post"}],"author":[{"embeddable":true,"href":"https:\/\/www.ticmais.pt\/index.php?rest_route=\/wp\/v2\/users\/1"}],"replies":[{"embeddable":true,"href":"https:\/\/www.ticmais.pt\/index.php?rest_route=%2Fwp%2Fv2%2Fcomments&post=1504"}],"version-history":[{"count":0,"href":"https:\/\/www.ticmais.pt\/index.php?rest_route=\/wp\/v2\/posts\/1504\/revisions"}],"wp:attachment":[{"href":"https:\/\/www.ticmais.pt\/index.php?rest_route=%2Fwp%2Fv2%2Fmedia&parent=1504"}],"wp:term":[{"taxonomy":"category","embeddable":true,"href":"https:\/\/www.ticmais.pt\/index.php?rest_route=%2Fwp%2Fv2%2Fcategories&post=1504"},{"taxonomy":"post_tag","embeddable":true,"href":"https:\/\/www.ticmais.pt\/index.php?rest_route=%2Fwp%2Fv2%2Ftags&post=1504"}],"curies":[{"name":"wp","href":"https:\/\/api.w.org\/{rel}","templated":true}]}}